{"id":8532,"date":"2024-12-31T12:25:01","date_gmt":"2024-12-31T11:25:01","guid":{"rendered":"https:\/\/wgphoto.pl\/t\/?p=8532"},"modified":"2024-12-31T12:25:01","modified_gmt":"2024-12-31T11:25:01","slug":"ep07-1019-olawa","status":"publish","type":"post","link":"https:\/\/wgphoto.pl\/t\/?p=8532","title":{"rendered":"EP07-1019, O\u0142awa"},"content":{"rendered":"\n<figure class=\"wp-block-image aligncenter size-full\"><img loading=\"lazy\" decoding=\"async\" width=\"1300\" height=\"861\" src=\"https:\/\/wgphoto.pl\/t\/wp-content\/uploads\/2024\/12\/0807-00a.jpg\" alt=\"\" class=\"wp-image-8533\" srcset=\"https:\/\/wgphoto.pl\/t\/wp-content\/uploads\/2024\/12\/0807-00a.jpg 1300w, https:\/\/wgphoto.pl\/t\/wp-content\/uploads\/2024\/12\/0807-00a-300x199.jpg 300w, https:\/\/wgphoto.pl\/t\/wp-content\/uploads\/2024\/12\/0807-00a-768x509.jpg 768w\" sizes=\"auto, (max-width: 1300px) 100vw, 1300px\" \/><\/figure>\n\n\n\n<div class=\"wp-block-group has-global-padding is-layout-constrained wp-block-group-is-layout-constrained\">\n<p>EP07-1019 z poci\u0105giem pospiesznym 56111 &#8222;Kormoran&#8221; z Olsztyna do Wroc\u0142awia zatrzymuje si\u0119 w O\u0142awie. W\u0142a\u015bnie trwa przebudowa stacji w ramach modernizacji linii E30. [04.05.2008]<\/p>\n<\/div>\n","protected":false},"excerpt":{"rendered":"<p>EP07-1019 z poci\u0105giem pospiesznym 56111 &#8222;Kormoran&#8221; z Olsztyna do Wroc\u0142awia zatrzymuje si\u0119 w O\u0142awie. W\u0142a\u015bnie trwa przebudowa stacji w ramach modernizacji linii E30. [04.05.2008]<\/p>\n","protected":false},"author":1,"featured_media":8533,"comment_status":"open","ping_status":"","sticky":false,"template":"","format":"standard","meta":{"footnotes":""},"categories":[62,2,120],"tags":[2782,745,124,1726,63,27,711],"class_list":["post-8532","post","type-post","status-publish","format-standard","has-post-thumbnail","hentry","category-analog","category-kolej","category-rok-2008","tag-2008-05-04","tag-budowa","tag-ep07","tag-olawa","tag-pkp","tag-polska","tag-tab-pl220"],"_links":{"self":[{"href":"https:\/\/wgphoto.pl\/t\/index.php?rest_route=\/wp\/v2\/posts\/8532","targetHints":{"allow":["GET"]}}],"collection":[{"href":"https:\/\/wgphoto.pl\/t\/index.php?rest_route=\/wp\/v2\/posts"}],"about":[{"href":"https:\/\/wgphoto.pl\/t\/index.php?rest_route=\/wp\/v2\/types\/post"}],"author":[{"embeddable":true,"href":"https:\/\/wgphoto.pl\/t\/index.php?rest_route=\/wp\/v2\/users\/1"}],"replies":[{"embeddable":true,"href":"https:\/\/wgphoto.pl\/t\/index.php?rest_route=%2Fwp%2Fv2%2Fcomments&post=8532"}],"version-history":[{"count":1,"href":"https:\/\/wgphoto.pl\/t\/index.php?rest_route=\/wp\/v2\/posts\/8532\/revisions"}],"predecessor-version":[{"id":8534,"href":"https:\/\/wgphoto.pl\/t\/index.php?rest_route=\/wp\/v2\/posts\/8532\/revisions\/8534"}],"wp:featuredmedia":[{"embeddable":true,"href":"https:\/\/wgphoto.pl\/t\/index.php?rest_route=\/wp\/v2\/media\/8533"}],"wp:attachment":[{"href":"https:\/\/wgphoto.pl\/t\/index.php?rest_route=%2Fwp%2Fv2%2Fmedia&parent=8532"}],"wp:term":[{"taxonomy":"category","embeddable":true,"href":"https:\/\/wgphoto.pl\/t\/index.php?rest_route=%2Fwp%2Fv2%2Fcategories&post=8532"},{"taxonomy":"post_tag","embeddable":true,"href":"https:\/\/wgphoto.pl\/t\/index.php?rest_route=%2Fwp%2Fv2%2Ftags&post=8532"}],"curies":[{"name":"wp","href":"https:\/\/api.w.org\/{rel}","templated":true}]}}