{"id":854,"date":"2024-09-30T21:55:17","date_gmt":"2024-09-30T19:55:17","guid":{"rendered":"https:\/\/wgphoto.pl\/t\/?p=854"},"modified":"2024-10-01T20:26:28","modified_gmt":"2024-10-01T18:26:28","slug":"po-zjezdzie","status":"publish","type":"post","link":"https:\/\/wgphoto.pl\/t\/?p=854","title":{"rendered":"Po zje\u017adzie"},"content":{"rendered":"\n<figure class=\"wp-block-image aligncenter size-full\"><img loading=\"lazy\" decoding=\"async\" width=\"1200\" height=\"795\" src=\"https:\/\/wgphoto.pl\/t\/wp-content\/uploads\/2024\/09\/IMGP3873.jpg\" alt=\"\" class=\"wp-image-855\" srcset=\"https:\/\/wgphoto.pl\/t\/wp-content\/uploads\/2024\/09\/IMGP3873.jpg 1200w, https:\/\/wgphoto.pl\/t\/wp-content\/uploads\/2024\/09\/IMGP3873-300x199.jpg 300w, https:\/\/wgphoto.pl\/t\/wp-content\/uploads\/2024\/09\/IMGP3873-768x509.jpg 768w\" sizes=\"auto, (max-width: 1200px) 100vw, 1200px\" \/><\/figure>\n\n\n\n<div class=\"wp-block-group has-global-padding is-layout-constrained wp-block-group-is-layout-constrained\">\n<p>Hala wroc\u0142awskiej zajezdni D\u0105bie zape\u0142ni\u0142a si\u0119 ju\u017c tramwajami po wieczornych zjazdach (m.in. tym z poprzedniego zdj\u0119cia). Teraz pora na sprz\u0105tanie. 03.04.2014<\/p>\n<\/div>\n","protected":false},"excerpt":{"rendered":"<p>Hala wroc\u0142awskiej zajezdni D\u0105bie zape\u0142ni\u0142a si\u0119 ju\u017c tramwajami po wieczornych zjazdach (m.in. tym z poprzedniego zdj\u0119cia). Teraz pora na sprz\u0105tanie. 03.04.2014<\/p>\n","protected":false},"author":1,"featured_media":855,"comment_status":"open","ping_status":"","sticky":false,"template":"","format":"standard","meta":{"footnotes":""},"categories":[48,3],"tags":[155,441,436,42,154,27,223,41,138],"class_list":["post-854","post","type-post","status-publish","format-standard","has-post-thumbnail","hentry","category-rok-2014","category-tramwaj","tag-105na","tag-2014-04-03","tag-dabie","tag-mpk-wroclaw","tag-noc","tag-polska","tag-symetria","tag-wroclaw","tag-zajezdnia"],"_links":{"self":[{"href":"https:\/\/wgphoto.pl\/t\/index.php?rest_route=\/wp\/v2\/posts\/854","targetHints":{"allow":["GET"]}}],"collection":[{"href":"https:\/\/wgphoto.pl\/t\/index.php?rest_route=\/wp\/v2\/posts"}],"about":[{"href":"https:\/\/wgphoto.pl\/t\/index.php?rest_route=\/wp\/v2\/types\/post"}],"author":[{"embeddable":true,"href":"https:\/\/wgphoto.pl\/t\/index.php?rest_route=\/wp\/v2\/users\/1"}],"replies":[{"embeddable":true,"href":"https:\/\/wgphoto.pl\/t\/index.php?rest_route=%2Fwp%2Fv2%2Fcomments&post=854"}],"version-history":[{"count":2,"href":"https:\/\/wgphoto.pl\/t\/index.php?rest_route=\/wp\/v2\/posts\/854\/revisions"}],"predecessor-version":[{"id":1029,"href":"https:\/\/wgphoto.pl\/t\/index.php?rest_route=\/wp\/v2\/posts\/854\/revisions\/1029"}],"wp:featuredmedia":[{"embeddable":true,"href":"https:\/\/wgphoto.pl\/t\/index.php?rest_route=\/wp\/v2\/media\/855"}],"wp:attachment":[{"href":"https:\/\/wgphoto.pl\/t\/index.php?rest_route=%2Fwp%2Fv2%2Fmedia&parent=854"}],"wp:term":[{"taxonomy":"category","embeddable":true,"href":"https:\/\/wgphoto.pl\/t\/index.php?rest_route=%2Fwp%2Fv2%2Fcategories&post=854"},{"taxonomy":"post_tag","embeddable":true,"href":"https:\/\/wgphoto.pl\/t\/index.php?rest_route=%2Fwp%2Fv2%2Ftags&post=854"}],"curies":[{"name":"wp","href":"https:\/\/api.w.org\/{rel}","templated":true}]}}