{"id":8544,"date":"2024-12-31T12:28:37","date_gmt":"2024-12-31T11:28:37","guid":{"rendered":"https:\/\/wgphoto.pl\/t\/?p=8544"},"modified":"2024-12-31T12:28:37","modified_gmt":"2024-12-31T11:28:37","slug":"do-srodki-po-lewym","status":"publish","type":"post","link":"https:\/\/wgphoto.pl\/t\/?p=8544","title":{"rendered":"Do \u015ar\u00f3dki po lewym"},"content":{"rendered":"\n<figure class=\"wp-block-image aligncenter size-full\"><img loading=\"lazy\" decoding=\"async\" width=\"1200\" height=\"900\" src=\"https:\/\/wgphoto.pl\/t\/wp-content\/uploads\/2024\/12\/0516-23.jpg\" alt=\"\" class=\"wp-image-8545\" srcset=\"https:\/\/wgphoto.pl\/t\/wp-content\/uploads\/2024\/12\/0516-23.jpg 1200w, https:\/\/wgphoto.pl\/t\/wp-content\/uploads\/2024\/12\/0516-23-300x225.jpg 300w, https:\/\/wgphoto.pl\/t\/wp-content\/uploads\/2024\/12\/0516-23-768x576.jpg 768w\" sizes=\"auto, (max-width: 1200px) 100vw, 1200px\" \/><\/figure>\n\n\n\n<div class=\"wp-block-group has-global-padding is-layout-constrained wp-block-group-is-layout-constrained\">\n<p>Pozna\u0144, ul. Prymasa Stefana Wyszy\u0144skiego. Dwukierunkowy sk\u0142ad stopi\u0105tek 105Na 212+211 jako wahad\u0142o z placu Wielkopolskiego(?) jedzie lewym torem do Ronda \u015ar\u00f3dka, z powodu remontu tamtejszego skrzy\u017cowania. [19.07.2005]<\/p>\n<\/div>\n","protected":false},"excerpt":{"rendered":"<p>Pozna\u0144, ul. Prymasa Stefana Wyszy\u0144skiego. Dwukierunkowy sk\u0142ad stopi\u0105tek 105Na 212+211 jako wahad\u0142o z placu Wielkopolskiego(?) jedzie lewym torem do Ronda \u015ar\u00f3dka, z powodu remontu tamtejszego skrzy\u017cowania. [19.07.2005]<\/p>\n","protected":false},"author":1,"featured_media":8545,"comment_status":"open","ping_status":"","sticky":false,"template":"","format":"standard","meta":{"footnotes":""},"categories":[62,311,3],"tags":[155,2687,34,236,27,235,1990],"class_list":["post-8544","post","type-post","status-publish","format-standard","has-post-thumbnail","hentry","category-analog","category-rok-2005","category-tramwaj","tag-105na","tag-2005-07-19","tag-architektura","tag-mpk-poznan","tag-polska","tag-poznan","tag-ruch-wahadlowy"],"_links":{"self":[{"href":"https:\/\/wgphoto.pl\/t\/index.php?rest_route=\/wp\/v2\/posts\/8544","targetHints":{"allow":["GET"]}}],"collection":[{"href":"https:\/\/wgphoto.pl\/t\/index.php?rest_route=\/wp\/v2\/posts"}],"about":[{"href":"https:\/\/wgphoto.pl\/t\/index.php?rest_route=\/wp\/v2\/types\/post"}],"author":[{"embeddable":true,"href":"https:\/\/wgphoto.pl\/t\/index.php?rest_route=\/wp\/v2\/users\/1"}],"replies":[{"embeddable":true,"href":"https:\/\/wgphoto.pl\/t\/index.php?rest_route=%2Fwp%2Fv2%2Fcomments&post=8544"}],"version-history":[{"count":1,"href":"https:\/\/wgphoto.pl\/t\/index.php?rest_route=\/wp\/v2\/posts\/8544\/revisions"}],"predecessor-version":[{"id":8546,"href":"https:\/\/wgphoto.pl\/t\/index.php?rest_route=\/wp\/v2\/posts\/8544\/revisions\/8546"}],"wp:featuredmedia":[{"embeddable":true,"href":"https:\/\/wgphoto.pl\/t\/index.php?rest_route=\/wp\/v2\/media\/8545"}],"wp:attachment":[{"href":"https:\/\/wgphoto.pl\/t\/index.php?rest_route=%2Fwp%2Fv2%2Fmedia&parent=8544"}],"wp:term":[{"taxonomy":"category","embeddable":true,"href":"https:\/\/wgphoto.pl\/t\/index.php?rest_route=%2Fwp%2Fv2%2Fcategories&post=8544"},{"taxonomy":"post_tag","embeddable":true,"href":"https:\/\/wgphoto.pl\/t\/index.php?rest_route=%2Fwp%2Fv2%2Ftags&post=8544"}],"curies":[{"name":"wp","href":"https:\/\/api.w.org\/{rel}","templated":true}]}}