{"id":8550,"date":"2024-12-31T12:30:33","date_gmt":"2024-12-31T11:30:33","guid":{"rendered":"https:\/\/wgphoto.pl\/t\/?p=8550"},"modified":"2024-12-31T12:30:33","modified_gmt":"2024-12-31T11:30:33","slug":"falowanie-i-spadanie-2","status":"publish","type":"post","link":"https:\/\/wgphoto.pl\/t\/?p=8550","title":{"rendered":"Falowanie i spadanie"},"content":{"rendered":"\n<figure class=\"wp-block-image aligncenter size-full\"><img loading=\"lazy\" decoding=\"async\" width=\"800\" height=\"1000\" src=\"https:\/\/wgphoto.pl\/t\/wp-content\/uploads\/2024\/12\/0407-24.jpg\" alt=\"\" class=\"wp-image-8551\" srcset=\"https:\/\/wgphoto.pl\/t\/wp-content\/uploads\/2024\/12\/0407-24.jpg 800w, https:\/\/wgphoto.pl\/t\/wp-content\/uploads\/2024\/12\/0407-24-240x300.jpg 240w, https:\/\/wgphoto.pl\/t\/wp-content\/uploads\/2024\/12\/0407-24-768x960.jpg 768w\" sizes=\"auto, (max-width: 800px) 100vw, 800px\" \/><\/figure>\n\n\n\n<div class=\"wp-block-group has-global-padding is-layout-constrained wp-block-group-is-layout-constrained\">\n<p>Budziszowice &#8211; Jasienica Dolna. SU46-007 z poci\u0105giem osobowym 9935 z Opola do Nysy pokonuje &#8222;g\u00f3rki&#8221; i &#8222;siod\u0142a&#8221;, widoczne dopiero na d\u0142u\u017cszej ogniskowej. [28.05.2004]<\/p>\n<\/div>\n","protected":false},"excerpt":{"rendered":"<p>Budziszowice &#8211; Jasienica Dolna. SU46-007 z poci\u0105giem osobowym 9935 z Opola do Nysy pokonuje &#8222;g\u00f3rki&#8221; i &#8222;siod\u0142a&#8221;, widoczne dopiero na d\u0142u\u017cszej ogniskowej. [28.05.2004]<\/p>\n","protected":false},"author":1,"featured_media":8551,"comment_status":"open","ping_status":"","sticky":false,"template":"","format":"standard","meta":{"footnotes":""},"categories":[62,2,128,61],"tags":[2350,2382,2381,63,118,27,84,312],"class_list":["post-8550","post","type-post","status-publish","format-standard","has-post-thumbnail","hentry","category-analog","category-kolej","category-pionowe","category-rok-2004","tag-2004-05-28","tag-budziszowice","tag-jasienica-dolna","tag-pkp","tag-plany-i-profile","tag-polska","tag-su46","tag-tab-pl202"],"_links":{"self":[{"href":"https:\/\/wgphoto.pl\/t\/index.php?rest_route=\/wp\/v2\/posts\/8550","targetHints":{"allow":["GET"]}}],"collection":[{"href":"https:\/\/wgphoto.pl\/t\/index.php?rest_route=\/wp\/v2\/posts"}],"about":[{"href":"https:\/\/wgphoto.pl\/t\/index.php?rest_route=\/wp\/v2\/types\/post"}],"author":[{"embeddable":true,"href":"https:\/\/wgphoto.pl\/t\/index.php?rest_route=\/wp\/v2\/users\/1"}],"replies":[{"embeddable":true,"href":"https:\/\/wgphoto.pl\/t\/index.php?rest_route=%2Fwp%2Fv2%2Fcomments&post=8550"}],"version-history":[{"count":1,"href":"https:\/\/wgphoto.pl\/t\/index.php?rest_route=\/wp\/v2\/posts\/8550\/revisions"}],"predecessor-version":[{"id":8552,"href":"https:\/\/wgphoto.pl\/t\/index.php?rest_route=\/wp\/v2\/posts\/8550\/revisions\/8552"}],"wp:featuredmedia":[{"embeddable":true,"href":"https:\/\/wgphoto.pl\/t\/index.php?rest_route=\/wp\/v2\/media\/8551"}],"wp:attachment":[{"href":"https:\/\/wgphoto.pl\/t\/index.php?rest_route=%2Fwp%2Fv2%2Fmedia&parent=8550"}],"wp:term":[{"taxonomy":"category","embeddable":true,"href":"https:\/\/wgphoto.pl\/t\/index.php?rest_route=%2Fwp%2Fv2%2Fcategories&post=8550"},{"taxonomy":"post_tag","embeddable":true,"href":"https:\/\/wgphoto.pl\/t\/index.php?rest_route=%2Fwp%2Fv2%2Ftags&post=8550"}],"curies":[{"name":"wp","href":"https:\/\/api.w.org\/{rel}","templated":true}]}}