{"id":8559,"date":"2024-12-31T12:33:22","date_gmt":"2024-12-31T11:33:22","guid":{"rendered":"https:\/\/wgphoto.pl\/t\/?p=8559"},"modified":"2024-12-31T12:33:22","modified_gmt":"2024-12-31T11:33:22","slug":"et21-495-w-marciszowie","status":"publish","type":"post","link":"https:\/\/wgphoto.pl\/t\/?p=8559","title":{"rendered":"ET21-495 w Marciszowie"},"content":{"rendered":"\n<figure class=\"wp-block-image aligncenter size-full\"><img loading=\"lazy\" decoding=\"async\" width=\"1300\" height=\"862\" src=\"https:\/\/wgphoto.pl\/t\/wp-content\/uploads\/2024\/12\/0610-24.jpg\" alt=\"\" class=\"wp-image-8560\" srcset=\"https:\/\/wgphoto.pl\/t\/wp-content\/uploads\/2024\/12\/0610-24.jpg 1300w, https:\/\/wgphoto.pl\/t\/wp-content\/uploads\/2024\/12\/0610-24-300x199.jpg 300w, https:\/\/wgphoto.pl\/t\/wp-content\/uploads\/2024\/12\/0610-24-768x509.jpg 768w\" sizes=\"auto, (max-width: 1300px) 100vw, 1300px\" \/><\/figure>\n\n\n\n<div class=\"wp-block-group has-global-padding is-layout-constrained wp-block-group-is-layout-constrained\">\n<p>ET21-495 z poci\u0105giem pospieszno-osobowym 36521 &#8222;\u015anie\u017cka&#8221; z Krakowa do Jeleniej G\u00f3ry wyje\u017cd\u017ca z Marciszowa, mijaj\u0105c nastawni\u0119 dysponuj\u0105c\u0105. [24.06.2006]<\/p>\n<\/div>\n","protected":false},"excerpt":{"rendered":"<p>ET21-495 z poci\u0105giem pospieszno-osobowym 36521 &#8222;\u015anie\u017cka&#8221; z Krakowa do Jeleniej G\u00f3ry wyje\u017cd\u017ca z Marciszowa, mijaj\u0105c nastawni\u0119 dysponuj\u0105c\u0105. [24.06.2006]<\/p>\n","protected":false},"author":1,"featured_media":8560,"comment_status":"open","ping_status":"","sticky":false,"template":"","format":"standard","meta":{"footnotes":""},"categories":[62,2,130],"tags":[2785,198,83,63,27,200],"class_list":["post-8559","post","type-post","status-publish","format-standard","has-post-thumbnail","hentry","category-analog","category-kolej","category-rok-2006","tag-2006-06-24","tag-et21","tag-marciszow","tag-pkp","tag-polska","tag-tab-pl240"],"_links":{"self":[{"href":"https:\/\/wgphoto.pl\/t\/index.php?rest_route=\/wp\/v2\/posts\/8559","targetHints":{"allow":["GET"]}}],"collection":[{"href":"https:\/\/wgphoto.pl\/t\/index.php?rest_route=\/wp\/v2\/posts"}],"about":[{"href":"https:\/\/wgphoto.pl\/t\/index.php?rest_route=\/wp\/v2\/types\/post"}],"author":[{"embeddable":true,"href":"https:\/\/wgphoto.pl\/t\/index.php?rest_route=\/wp\/v2\/users\/1"}],"replies":[{"embeddable":true,"href":"https:\/\/wgphoto.pl\/t\/index.php?rest_route=%2Fwp%2Fv2%2Fcomments&post=8559"}],"version-history":[{"count":1,"href":"https:\/\/wgphoto.pl\/t\/index.php?rest_route=\/wp\/v2\/posts\/8559\/revisions"}],"predecessor-version":[{"id":8561,"href":"https:\/\/wgphoto.pl\/t\/index.php?rest_route=\/wp\/v2\/posts\/8559\/revisions\/8561"}],"wp:featuredmedia":[{"embeddable":true,"href":"https:\/\/wgphoto.pl\/t\/index.php?rest_route=\/wp\/v2\/media\/8560"}],"wp:attachment":[{"href":"https:\/\/wgphoto.pl\/t\/index.php?rest_route=%2Fwp%2Fv2%2Fmedia&parent=8559"}],"wp:term":[{"taxonomy":"category","embeddable":true,"href":"https:\/\/wgphoto.pl\/t\/index.php?rest_route=%2Fwp%2Fv2%2Fcategories&post=8559"},{"taxonomy":"post_tag","embeddable":true,"href":"https:\/\/wgphoto.pl\/t\/index.php?rest_route=%2Fwp%2Fv2%2Ftags&post=8559"}],"curies":[{"name":"wp","href":"https:\/\/api.w.org\/{rel}","templated":true}]}}