{"id":857,"date":"2024-09-30T21:56:47","date_gmt":"2024-09-30T19:56:47","guid":{"rendered":"https:\/\/wgphoto.pl\/t\/?p=857"},"modified":"2024-09-30T21:56:47","modified_gmt":"2024-09-30T19:56:47","slug":"gotowi-do-startu","status":"publish","type":"post","link":"https:\/\/wgphoto.pl\/t\/?p=857","title":{"rendered":"Gotowi do startu"},"content":{"rendered":"\n<figure class=\"wp-block-image aligncenter size-full\"><img loading=\"lazy\" decoding=\"async\" width=\"1200\" height=\"795\" src=\"https:\/\/wgphoto.pl\/t\/wp-content\/uploads\/2024\/09\/IMGP3867.jpg\" alt=\"\" class=\"wp-image-858\" srcset=\"https:\/\/wgphoto.pl\/t\/wp-content\/uploads\/2024\/09\/IMGP3867.jpg 1200w, https:\/\/wgphoto.pl\/t\/wp-content\/uploads\/2024\/09\/IMGP3867-300x199.jpg 300w, https:\/\/wgphoto.pl\/t\/wp-content\/uploads\/2024\/09\/IMGP3867-768x509.jpg 768w\" sizes=\"auto, (max-width: 1200px) 100vw, 1200px\" \/><\/figure>\n\n\n\n<div class=\"wp-block-group has-global-padding is-layout-constrained wp-block-group-is-layout-constrained\">\n<p>Wroc\u0142aw, zajezdnia D\u0105bie. W ostatnich dniach eksploatacji tego zak\u0142adu (w zakresie motorniczych &#8211; ju\u017c jako &#8222;plac\u00f3wki zamiejscowej&#8221; innych zajezdni, dlatego te\u017c uda\u0142o mi si\u0119 tu wkr\u0119ci\u0107 na dwa dni) nocowa\u0142o tutaj ju\u017c na tyle ma\u0142o tramwaj\u00f3w, \u017ce ka\u017cdy m\u00f3g\u0142 dosta\u0107 sw\u00f3j w\u0142asny tor. 03.04.2014<\/p>\n<\/div>\n","protected":false},"excerpt":{"rendered":"<p>Wroc\u0142aw, zajezdnia D\u0105bie. W ostatnich dniach eksploatacji tego zak\u0142adu (w zakresie motorniczych &#8211; ju\u017c jako &#8222;plac\u00f3wki zamiejscowej&#8221; innych zajezdni, dlatego te\u017c uda\u0142o mi si\u0119 tu wkr\u0119ci\u0107 na dwa dni) nocowa\u0142o tutaj ju\u017c na tyle ma\u0142o tramwaj\u00f3w, \u017ce ka\u017cdy m\u00f3g\u0142 dosta\u0107 sw\u00f3j w\u0142asny tor. 03.04.2014<\/p>\n","protected":false},"author":1,"featured_media":858,"comment_status":"open","ping_status":"","sticky":false,"template":"","format":"standard","meta":{"footnotes":""},"categories":[48,3],"tags":[155,43,441,436,42,154,27,41,138],"class_list":["post-857","post","type-post","status-publish","format-standard","has-post-thumbnail","hentry","category-rok-2014","category-tramwaj","tag-105na","tag-105nwr","tag-2014-04-03","tag-dabie","tag-mpk-wroclaw","tag-noc","tag-polska","tag-wroclaw","tag-zajezdnia"],"_links":{"self":[{"href":"https:\/\/wgphoto.pl\/t\/index.php?rest_route=\/wp\/v2\/posts\/857","targetHints":{"allow":["GET"]}}],"collection":[{"href":"https:\/\/wgphoto.pl\/t\/index.php?rest_route=\/wp\/v2\/posts"}],"about":[{"href":"https:\/\/wgphoto.pl\/t\/index.php?rest_route=\/wp\/v2\/types\/post"}],"author":[{"embeddable":true,"href":"https:\/\/wgphoto.pl\/t\/index.php?rest_route=\/wp\/v2\/users\/1"}],"replies":[{"embeddable":true,"href":"https:\/\/wgphoto.pl\/t\/index.php?rest_route=%2Fwp%2Fv2%2Fcomments&post=857"}],"version-history":[{"count":1,"href":"https:\/\/wgphoto.pl\/t\/index.php?rest_route=\/wp\/v2\/posts\/857\/revisions"}],"predecessor-version":[{"id":859,"href":"https:\/\/wgphoto.pl\/t\/index.php?rest_route=\/wp\/v2\/posts\/857\/revisions\/859"}],"wp:featuredmedia":[{"embeddable":true,"href":"https:\/\/wgphoto.pl\/t\/index.php?rest_route=\/wp\/v2\/media\/858"}],"wp:attachment":[{"href":"https:\/\/wgphoto.pl\/t\/index.php?rest_route=%2Fwp%2Fv2%2Fmedia&parent=857"}],"wp:term":[{"taxonomy":"category","embeddable":true,"href":"https:\/\/wgphoto.pl\/t\/index.php?rest_route=%2Fwp%2Fv2%2Fcategories&post=857"},{"taxonomy":"post_tag","embeddable":true,"href":"https:\/\/wgphoto.pl\/t\/index.php?rest_route=%2Fwp%2Fv2%2Ftags&post=857"}],"curies":[{"name":"wp","href":"https:\/\/api.w.org\/{rel}","templated":true}]}}