{"id":8584,"date":"2025-01-01T11:55:20","date_gmt":"2025-01-01T10:55:20","guid":{"rendered":"https:\/\/wgphoto.pl\/t\/?p=8584"},"modified":"2025-01-01T11:55:20","modified_gmt":"2025-01-01T10:55:20","slug":"szczesliwego-2025","status":"publish","type":"post","link":"https:\/\/wgphoto.pl\/t\/?p=8584","title":{"rendered":"Szcz\u0119\u015bliwego 2025!"},"content":{"rendered":"\n<figure class=\"wp-block-image aligncenter size-full\"><img loading=\"lazy\" decoding=\"async\" width=\"1400\" height=\"927\" src=\"https:\/\/wgphoto.pl\/t\/wp-content\/uploads\/2025\/01\/2001y-26_rsn.jpg\" alt=\"\" class=\"wp-image-8585\" srcset=\"https:\/\/wgphoto.pl\/t\/wp-content\/uploads\/2025\/01\/2001y-26_rsn.jpg 1400w, https:\/\/wgphoto.pl\/t\/wp-content\/uploads\/2025\/01\/2001y-26_rsn-300x199.jpg 300w, https:\/\/wgphoto.pl\/t\/wp-content\/uploads\/2025\/01\/2001y-26_rsn-768x509.jpg 768w\" sizes=\"auto, (max-width: 1400px) 100vw, 1400px\" \/><\/figure>\n\n\n\n<div class=\"wp-block-group has-global-padding is-layout-constrained wp-block-group-is-layout-constrained\">\n<p>Wroc\u0142aw, p\u0119tla przy ul. Robotniczej, 102Na 2025. Mam niewiele zdj\u0119\u0107 tego wagonu, poniewa\u017c p\u00f3\u0142 roku p\u00f3\u017aniej uleg\u0142 on powa\u017cnemu wypadkowi i zosta\u0142 skasowany. 12.01.2002<\/p>\n<\/div>\n","protected":false},"excerpt":{"rendered":"<p>Wroc\u0142aw, p\u0119tla przy ul. Robotniczej, 102Na 2025. Mam niewiele zdj\u0119\u0107 tego wagonu, poniewa\u017c p\u00f3\u0142 roku p\u00f3\u017aniej uleg\u0142 on powa\u017cnemu wypadkowi i zosta\u0142 skasowany. 12.01.2002<\/p>\n","protected":false},"author":1,"featured_media":8585,"comment_status":"open","ping_status":"","sticky":false,"template":"","format":"standard","meta":{"footnotes":""},"categories":[62,577,3],"tags":[2793,898,309,42,27,438,44,41],"class_list":["post-8584","post","type-post","status-publish","format-standard","has-post-thumbnail","hentry","category-analog","category-rok-2002","category-tramwaj","tag-2002-01-12","tag-autobus","tag-konstal-102na","tag-mpk-wroclaw","tag-polska","tag-portret-z-petli","tag-snieg","tag-wroclaw"],"_links":{"self":[{"href":"https:\/\/wgphoto.pl\/t\/index.php?rest_route=\/wp\/v2\/posts\/8584","targetHints":{"allow":["GET"]}}],"collection":[{"href":"https:\/\/wgphoto.pl\/t\/index.php?rest_route=\/wp\/v2\/posts"}],"about":[{"href":"https:\/\/wgphoto.pl\/t\/index.php?rest_route=\/wp\/v2\/types\/post"}],"author":[{"embeddable":true,"href":"https:\/\/wgphoto.pl\/t\/index.php?rest_route=\/wp\/v2\/users\/1"}],"replies":[{"embeddable":true,"href":"https:\/\/wgphoto.pl\/t\/index.php?rest_route=%2Fwp%2Fv2%2Fcomments&post=8584"}],"version-history":[{"count":1,"href":"https:\/\/wgphoto.pl\/t\/index.php?rest_route=\/wp\/v2\/posts\/8584\/revisions"}],"predecessor-version":[{"id":8586,"href":"https:\/\/wgphoto.pl\/t\/index.php?rest_route=\/wp\/v2\/posts\/8584\/revisions\/8586"}],"wp:featuredmedia":[{"embeddable":true,"href":"https:\/\/wgphoto.pl\/t\/index.php?rest_route=\/wp\/v2\/media\/8585"}],"wp:attachment":[{"href":"https:\/\/wgphoto.pl\/t\/index.php?rest_route=%2Fwp%2Fv2%2Fmedia&parent=8584"}],"wp:term":[{"taxonomy":"category","embeddable":true,"href":"https:\/\/wgphoto.pl\/t\/index.php?rest_route=%2Fwp%2Fv2%2Fcategories&post=8584"},{"taxonomy":"post_tag","embeddable":true,"href":"https:\/\/wgphoto.pl\/t\/index.php?rest_route=%2Fwp%2Fv2%2Ftags&post=8584"}],"curies":[{"name":"wp","href":"https:\/\/api.w.org\/{rel}","templated":true}]}}