{"id":8596,"date":"2025-01-01T21:20:19","date_gmt":"2025-01-01T20:20:19","guid":{"rendered":"https:\/\/wgphoto.pl\/t\/?p=8596"},"modified":"2025-01-01T21:20:19","modified_gmt":"2025-01-01T20:20:19","slug":"pomarancze-tez-potrzebuja-deszczu","status":"publish","type":"post","link":"https:\/\/wgphoto.pl\/t\/?p=8596","title":{"rendered":"Pomara\u0144cze te\u017c potrzebuj\u0105 deszczu"},"content":{"rendered":"\n<figure class=\"wp-block-image aligncenter size-full\"><img loading=\"lazy\" decoding=\"async\" width=\"1300\" height=\"861\" src=\"https:\/\/wgphoto.pl\/t\/wp-content\/uploads\/2025\/01\/IMGP2196.jpg\" alt=\"\" class=\"wp-image-8597\" srcset=\"https:\/\/wgphoto.pl\/t\/wp-content\/uploads\/2025\/01\/IMGP2196.jpg 1300w, https:\/\/wgphoto.pl\/t\/wp-content\/uploads\/2025\/01\/IMGP2196-300x199.jpg 300w, https:\/\/wgphoto.pl\/t\/wp-content\/uploads\/2025\/01\/IMGP2196-768x509.jpg 768w\" sizes=\"auto, (max-width: 1300px) 100vw, 1300px\" \/><\/figure>\n\n\n\n<div class=\"wp-block-group has-global-padding is-layout-constrained wp-block-group-is-layout-constrained\">\n<p>Sewilla, Avenida de la Constituci\u00f3n, CAF Urbos 3 nr 302 jedzie pustym deptakiem korzystaj\u0105c z nap\u0119du bateryjnego. [18.11.2018]<\/p>\n<\/div>\n","protected":false},"excerpt":{"rendered":"<p>Sewilla, Avenida de la Constituci\u00f3n, CAF Urbos 3 nr 302 jedzie pustym deptakiem korzystaj\u0105c z nap\u0119du bateryjnego. [18.11.2018]<\/p>\n","protected":false},"author":1,"featured_media":8597,"comment_status":"open","ping_status":"","sticky":false,"template":"","format":"standard","meta":{"footnotes":""},"categories":[156,3],"tags":[624,1986,157,239,13,159,160,622,623],"class_list":["post-8596","post","type-post","status-publish","format-standard","has-post-thumbnail","hentry","category-rok-2018","category-tramwaj","tag-2018-11-18","tag-bez-sieci","tag-caf-urbos","tag-deptak","tag-deszcz","tag-hiszpania","tag-hiszpania-2018","tag-sewilla","tag-tussam-sevilla"],"_links":{"self":[{"href":"https:\/\/wgphoto.pl\/t\/index.php?rest_route=\/wp\/v2\/posts\/8596","targetHints":{"allow":["GET"]}}],"collection":[{"href":"https:\/\/wgphoto.pl\/t\/index.php?rest_route=\/wp\/v2\/posts"}],"about":[{"href":"https:\/\/wgphoto.pl\/t\/index.php?rest_route=\/wp\/v2\/types\/post"}],"author":[{"embeddable":true,"href":"https:\/\/wgphoto.pl\/t\/index.php?rest_route=\/wp\/v2\/users\/1"}],"replies":[{"embeddable":true,"href":"https:\/\/wgphoto.pl\/t\/index.php?rest_route=%2Fwp%2Fv2%2Fcomments&post=8596"}],"version-history":[{"count":1,"href":"https:\/\/wgphoto.pl\/t\/index.php?rest_route=\/wp\/v2\/posts\/8596\/revisions"}],"predecessor-version":[{"id":8598,"href":"https:\/\/wgphoto.pl\/t\/index.php?rest_route=\/wp\/v2\/posts\/8596\/revisions\/8598"}],"wp:featuredmedia":[{"embeddable":true,"href":"https:\/\/wgphoto.pl\/t\/index.php?rest_route=\/wp\/v2\/media\/8597"}],"wp:attachment":[{"href":"https:\/\/wgphoto.pl\/t\/index.php?rest_route=%2Fwp%2Fv2%2Fmedia&parent=8596"}],"wp:term":[{"taxonomy":"category","embeddable":true,"href":"https:\/\/wgphoto.pl\/t\/index.php?rest_route=%2Fwp%2Fv2%2Fcategories&post=8596"},{"taxonomy":"post_tag","embeddable":true,"href":"https:\/\/wgphoto.pl\/t\/index.php?rest_route=%2Fwp%2Fv2%2Ftags&post=8596"}],"curies":[{"name":"wp","href":"https:\/\/api.w.org\/{rel}","templated":true}]}}