{"id":860,"date":"2024-09-30T21:58:04","date_gmt":"2024-09-30T19:58:04","guid":{"rendered":"https:\/\/wgphoto.pl\/t\/?p=860"},"modified":"2024-09-30T21:58:04","modified_gmt":"2024-09-30T19:58:04","slug":"105na-23682367","status":"publish","type":"post","link":"https:\/\/wgphoto.pl\/t\/?p=860","title":{"rendered":"105Na 2368+2367"},"content":{"rendered":"\n<figure class=\"wp-block-image aligncenter size-full\"><img loading=\"lazy\" decoding=\"async\" width=\"1200\" height=\"795\" src=\"https:\/\/wgphoto.pl\/t\/wp-content\/uploads\/2024\/09\/IMGP3871.jpg\" alt=\"\" class=\"wp-image-861\" srcset=\"https:\/\/wgphoto.pl\/t\/wp-content\/uploads\/2024\/09\/IMGP3871.jpg 1200w, https:\/\/wgphoto.pl\/t\/wp-content\/uploads\/2024\/09\/IMGP3871-300x199.jpg 300w, https:\/\/wgphoto.pl\/t\/wp-content\/uploads\/2024\/09\/IMGP3871-768x509.jpg 768w\" sizes=\"auto, (max-width: 1200px) 100vw, 1200px\" \/><\/figure>\n\n\n\n<div class=\"wp-block-group has-global-padding is-layout-constrained wp-block-group-is-layout-constrained\">\n<p>Tytu\u0142owy tramwaj stoi przed hal\u0105 zajezdni D\u0105bie przygotowany na nast\u0119pny dzie\u0144 do porannego wyjazdu. 03.04.2014<\/p>\n<\/div>\n","protected":false},"excerpt":{"rendered":"<p>Tytu\u0142owy tramwaj stoi przed hal\u0105 zajezdni D\u0105bie przygotowany na nast\u0119pny dzie\u0144 do porannego wyjazdu. 03.04.2014<\/p>\n","protected":false},"author":1,"featured_media":861,"comment_status":"open","ping_status":"","sticky":false,"template":"","format":"standard","meta":{"footnotes":""},"categories":[48,3],"tags":[155,441,436,42,154,27,41,138],"class_list":["post-860","post","type-post","status-publish","format-standard","has-post-thumbnail","hentry","category-rok-2014","category-tramwaj","tag-105na","tag-2014-04-03","tag-dabie","tag-mpk-wroclaw","tag-noc","tag-polska","tag-wroclaw","tag-zajezdnia"],"_links":{"self":[{"href":"https:\/\/wgphoto.pl\/t\/index.php?rest_route=\/wp\/v2\/posts\/860","targetHints":{"allow":["GET"]}}],"collection":[{"href":"https:\/\/wgphoto.pl\/t\/index.php?rest_route=\/wp\/v2\/posts"}],"about":[{"href":"https:\/\/wgphoto.pl\/t\/index.php?rest_route=\/wp\/v2\/types\/post"}],"author":[{"embeddable":true,"href":"https:\/\/wgphoto.pl\/t\/index.php?rest_route=\/wp\/v2\/users\/1"}],"replies":[{"embeddable":true,"href":"https:\/\/wgphoto.pl\/t\/index.php?rest_route=%2Fwp%2Fv2%2Fcomments&post=860"}],"version-history":[{"count":1,"href":"https:\/\/wgphoto.pl\/t\/index.php?rest_route=\/wp\/v2\/posts\/860\/revisions"}],"predecessor-version":[{"id":862,"href":"https:\/\/wgphoto.pl\/t\/index.php?rest_route=\/wp\/v2\/posts\/860\/revisions\/862"}],"wp:featuredmedia":[{"embeddable":true,"href":"https:\/\/wgphoto.pl\/t\/index.php?rest_route=\/wp\/v2\/media\/861"}],"wp:attachment":[{"href":"https:\/\/wgphoto.pl\/t\/index.php?rest_route=%2Fwp%2Fv2%2Fmedia&parent=860"}],"wp:term":[{"taxonomy":"category","embeddable":true,"href":"https:\/\/wgphoto.pl\/t\/index.php?rest_route=%2Fwp%2Fv2%2Fcategories&post=860"},{"taxonomy":"post_tag","embeddable":true,"href":"https:\/\/wgphoto.pl\/t\/index.php?rest_route=%2Fwp%2Fv2%2Ftags&post=860"}],"curies":[{"name":"wp","href":"https:\/\/api.w.org\/{rel}","templated":true}]}}