{"id":8619,"date":"2025-01-03T20:49:44","date_gmt":"2025-01-03T19:49:44","guid":{"rendered":"https:\/\/wgphoto.pl\/t\/?p=8619"},"modified":"2025-01-03T20:49:44","modified_gmt":"2025-01-03T19:49:44","slug":"rozkoszny-widok","status":"publish","type":"post","link":"https:\/\/wgphoto.pl\/t\/?p=8619","title":{"rendered":"Rozkoszny widok"},"content":{"rendered":"\n<figure class=\"wp-block-image aligncenter size-full\"><img loading=\"lazy\" decoding=\"async\" width=\"1300\" height=\"870\" src=\"https:\/\/wgphoto.pl\/t\/wp-content\/uploads\/2025\/01\/IMGP0067.jpg\" alt=\"\" class=\"wp-image-8620\" srcset=\"https:\/\/wgphoto.pl\/t\/wp-content\/uploads\/2025\/01\/IMGP0067.jpg 1300w, https:\/\/wgphoto.pl\/t\/wp-content\/uploads\/2025\/01\/IMGP0067-300x201.jpg 300w, https:\/\/wgphoto.pl\/t\/wp-content\/uploads\/2025\/01\/IMGP0067-768x514.jpg 768w\" sizes=\"auto, (max-width: 1300px) 100vw, 1300px\" \/><\/figure>\n\n\n\n<div class=\"wp-block-group has-global-padding is-layout-constrained wp-block-group-is-layout-constrained\">\n<p>Rychlik 853 &#8222;Rozko\u0161&#8221; relacji Praha-Sm\u00edchov &#8211; Trutnov hl.n., prowadzony lokomotyw\u0105 754 048-7, przemierza szlak \u010cesk\u00e1 Skalice &#8211; Starko\u010d. W tle widoczna jest tafla zbiornika wodnego Rozko\u0161, od kt\u00f3rego sw\u0105 nazw\u0119 wzi\u0105\u0142 poci\u0105g. 2009-09-27<\/p>\n<\/div>\n","protected":false},"excerpt":{"rendered":"<p>Rychlik 853 &#8222;Rozko\u0161&#8221; relacji Praha-Sm\u00edchov &#8211; Trutnov hl.n., prowadzony lokomotyw\u0105 754 048-7, przemierza szlak \u010cesk\u00e1 Skalice &#8211; Starko\u010d. W tle widoczna jest tafla zbiornika wodnego Rozko\u0161, od kt\u00f3rego sw\u0105 nazw\u0119 wzi\u0105\u0142 poci\u0105g. 2009-09-27<\/p>\n","protected":false},"author":1,"featured_media":8620,"comment_status":"open","ping_status":"","sticky":false,"template":"","format":"standard","meta":{"footnotes":""},"categories":[2,169],"tags":[2034,335,50,2797,49,113,2516,1917],"class_list":["post-8619","post","type-post","status-publish","format-standard","has-post-thumbnail","hentry","category-kolej","category-rok-2009","tag-2009-09-27","tag-335","tag-cd","tag-ceska-skalice","tag-czechy","tag-landszaft","tag-starkoc","tag-tab-cz032"],"_links":{"self":[{"href":"https:\/\/wgphoto.pl\/t\/index.php?rest_route=\/wp\/v2\/posts\/8619","targetHints":{"allow":["GET"]}}],"collection":[{"href":"https:\/\/wgphoto.pl\/t\/index.php?rest_route=\/wp\/v2\/posts"}],"about":[{"href":"https:\/\/wgphoto.pl\/t\/index.php?rest_route=\/wp\/v2\/types\/post"}],"author":[{"embeddable":true,"href":"https:\/\/wgphoto.pl\/t\/index.php?rest_route=\/wp\/v2\/users\/1"}],"replies":[{"embeddable":true,"href":"https:\/\/wgphoto.pl\/t\/index.php?rest_route=%2Fwp%2Fv2%2Fcomments&post=8619"}],"version-history":[{"count":1,"href":"https:\/\/wgphoto.pl\/t\/index.php?rest_route=\/wp\/v2\/posts\/8619\/revisions"}],"predecessor-version":[{"id":8621,"href":"https:\/\/wgphoto.pl\/t\/index.php?rest_route=\/wp\/v2\/posts\/8619\/revisions\/8621"}],"wp:featuredmedia":[{"embeddable":true,"href":"https:\/\/wgphoto.pl\/t\/index.php?rest_route=\/wp\/v2\/media\/8620"}],"wp:attachment":[{"href":"https:\/\/wgphoto.pl\/t\/index.php?rest_route=%2Fwp%2Fv2%2Fmedia&parent=8619"}],"wp:term":[{"taxonomy":"category","embeddable":true,"href":"https:\/\/wgphoto.pl\/t\/index.php?rest_route=%2Fwp%2Fv2%2Fcategories&post=8619"},{"taxonomy":"post_tag","embeddable":true,"href":"https:\/\/wgphoto.pl\/t\/index.php?rest_route=%2Fwp%2Fv2%2Ftags&post=8619"}],"curies":[{"name":"wp","href":"https:\/\/api.w.org\/{rel}","templated":true}]}}