{"id":863,"date":"2024-09-30T21:59:33","date_gmt":"2024-09-30T19:59:33","guid":{"rendered":"https:\/\/wgphoto.pl\/t\/?p=863"},"modified":"2025-01-16T22:02:13","modified_gmt":"2025-01-16T21:02:13","slug":"brutalizm","status":"publish","type":"post","link":"https:\/\/wgphoto.pl\/t\/?p=863","title":{"rendered":"Brutalizm"},"content":{"rendered":"\n<figure class=\"wp-block-image aligncenter size-full\"><img loading=\"lazy\" decoding=\"async\" width=\"1200\" height=\"803\" src=\"https:\/\/wgphoto.pl\/t\/wp-content\/uploads\/2024\/09\/IMGP3348.jpg\" alt=\"\" class=\"wp-image-864\" srcset=\"https:\/\/wgphoto.pl\/t\/wp-content\/uploads\/2024\/09\/IMGP3348.jpg 1200w, https:\/\/wgphoto.pl\/t\/wp-content\/uploads\/2024\/09\/IMGP3348-300x201.jpg 300w, https:\/\/wgphoto.pl\/t\/wp-content\/uploads\/2024\/09\/IMGP3348-768x514.jpg 768w\" sizes=\"auto, (max-width: 1200px) 100vw, 1200px\" \/><\/figure>\n\n\n\n<div class=\"wp-block-group has-global-padding is-layout-constrained wp-block-group-is-layout-constrained\">\n<p>Belgrad, Bulevar Milutina Milankovi\u0107a. KT4YU-M #343 sunie zielonym torowiskiem wzd\u0142u\u017c osiedla <em>Blok 23<\/em>, zbudowanego w duchu brutalizmu. Szukaj\u0105c teraz na ten temat informacji w internecie znalaz\u0142em tyle ciekawych, brutalistycznych obiekt\u00f3w w Belgradzie, \u017ce a\u017c zachcia\u0142o mi si\u0119 tam jecha\u0107. \ud83d\ude09 22.08.2011<\/p>\n<\/div>\n","protected":false},"excerpt":{"rendered":"<p>Belgrad, Bulevar Milutina Milankovi\u0107a. KT4YU-M #343 sunie zielonym torowiskiem wzd\u0142u\u017c osiedla Blok 23, zbudowanego w duchu brutalizmu. Szukaj\u0105c teraz na ten temat informacji w internecie znalaz\u0142em tyle ciekawych, brutalistycznych obiekt\u00f3w w Belgradzie, \u017ce a\u017c zachcia\u0142o mi si\u0119 tam jecha\u0107. \ud83d\ude09 22.08.2011<\/p>\n","protected":false},"author":1,"featured_media":864,"comment_status":"open","ping_status":"","sticky":false,"template":"","format":"standard","meta":{"footnotes":""},"categories":[77,3],"tags":[444,34,443,2968,442,33],"class_list":["post-863","post","type-post","status-publish","format-standard","has-post-thumbnail","hentry","category-rok-2011","category-tramwaj","tag-2011-08-22","tag-architektura","tag-belgrad","tag-gsp-beograd","tag-serbia","tag-tatra-kt4"],"_links":{"self":[{"href":"https:\/\/wgphoto.pl\/t\/index.php?rest_route=\/wp\/v2\/posts\/863","targetHints":{"allow":["GET"]}}],"collection":[{"href":"https:\/\/wgphoto.pl\/t\/index.php?rest_route=\/wp\/v2\/posts"}],"about":[{"href":"https:\/\/wgphoto.pl\/t\/index.php?rest_route=\/wp\/v2\/types\/post"}],"author":[{"embeddable":true,"href":"https:\/\/wgphoto.pl\/t\/index.php?rest_route=\/wp\/v2\/users\/1"}],"replies":[{"embeddable":true,"href":"https:\/\/wgphoto.pl\/t\/index.php?rest_route=%2Fwp%2Fv2%2Fcomments&post=863"}],"version-history":[{"count":1,"href":"https:\/\/wgphoto.pl\/t\/index.php?rest_route=\/wp\/v2\/posts\/863\/revisions"}],"predecessor-version":[{"id":865,"href":"https:\/\/wgphoto.pl\/t\/index.php?rest_route=\/wp\/v2\/posts\/863\/revisions\/865"}],"wp:featuredmedia":[{"embeddable":true,"href":"https:\/\/wgphoto.pl\/t\/index.php?rest_route=\/wp\/v2\/media\/864"}],"wp:attachment":[{"href":"https:\/\/wgphoto.pl\/t\/index.php?rest_route=%2Fwp%2Fv2%2Fmedia&parent=863"}],"wp:term":[{"taxonomy":"category","embeddable":true,"href":"https:\/\/wgphoto.pl\/t\/index.php?rest_route=%2Fwp%2Fv2%2Fcategories&post=863"},{"taxonomy":"post_tag","embeddable":true,"href":"https:\/\/wgphoto.pl\/t\/index.php?rest_route=%2Fwp%2Fv2%2Ftags&post=863"}],"curies":[{"name":"wp","href":"https:\/\/api.w.org\/{rel}","templated":true}]}}