{"id":8643,"date":"2025-01-03T21:02:43","date_gmt":"2025-01-03T20:02:43","guid":{"rendered":"https:\/\/wgphoto.pl\/t\/?p=8643"},"modified":"2025-01-03T21:02:43","modified_gmt":"2025-01-03T20:02:43","slug":"suka-z-jajecznica","status":"publish","type":"post","link":"https:\/\/wgphoto.pl\/t\/?p=8643","title":{"rendered":"Suka z jajecznic\u0105"},"content":{"rendered":"\n<figure class=\"wp-block-image aligncenter size-full\"><img loading=\"lazy\" decoding=\"async\" width=\"991\" height=\"660\" src=\"https:\/\/wgphoto.pl\/t\/wp-content\/uploads\/2025\/01\/2002u-18.jpg\" alt=\"\" class=\"wp-image-8644\" srcset=\"https:\/\/wgphoto.pl\/t\/wp-content\/uploads\/2025\/01\/2002u-18.jpg 991w, https:\/\/wgphoto.pl\/t\/wp-content\/uploads\/2025\/01\/2002u-18-300x200.jpg 300w, https:\/\/wgphoto.pl\/t\/wp-content\/uploads\/2025\/01\/2002u-18-768x511.jpg 768w\" sizes=\"auto, (max-width: 991px) 100vw, 991px\" \/><\/figure>\n\n\n\n<div class=\"wp-block-group has-global-padding is-layout-constrained wp-block-group-is-layout-constrained\">\n<p>\u2026czyli lokomotywa SU46-025 z po\u0142\u00f3wkow\u0105 bip\u0105 w \u017c\u00f3\u0142to-pomara\u0144czowym malowaniu. Zestaw ten stanowi sk\u0142ad poci\u0105gu osobowego 46131 z K\u0119dzierzyna-Ko\u017ala do Nysy i w\u0142a\u015bnie zatrzymuje si\u0119 na stacji Nowy \u015awi\u0119t\u00f3w. 31.08.2002<\/p>\n<\/div>\n","protected":false},"excerpt":{"rendered":"<p>\u2026czyli lokomotywa SU46-025 z po\u0142\u00f3wkow\u0105 bip\u0105 w \u017c\u00f3\u0142to-pomara\u0144czowym malowaniu. Zestaw ten stanowi sk\u0142ad poci\u0105gu osobowego 46131 z K\u0119dzierzyna-Ko\u017ala do Nysy i w\u0142a\u015bnie zatrzymuje si\u0119 na stacji Nowy \u015awi\u0119t\u00f3w. 31.08.2002<\/p>\n","protected":false},"author":1,"featured_media":8644,"comment_status":"open","ping_status":"","sticky":false,"template":"","format":"standard","meta":{"footnotes":""},"categories":[62,2,577],"tags":[1235,288,320,63,27,84,319],"class_list":["post-8643","post","type-post","status-publish","format-standard","has-post-thumbnail","hentry","category-analog","category-kolej","category-rok-2002","tag-2002-08-31","tag-bipa","tag-nowy-swietow","tag-pkp","tag-polska","tag-su46","tag-tab-pl235"],"_links":{"self":[{"href":"https:\/\/wgphoto.pl\/t\/index.php?rest_route=\/wp\/v2\/posts\/8643","targetHints":{"allow":["GET"]}}],"collection":[{"href":"https:\/\/wgphoto.pl\/t\/index.php?rest_route=\/wp\/v2\/posts"}],"about":[{"href":"https:\/\/wgphoto.pl\/t\/index.php?rest_route=\/wp\/v2\/types\/post"}],"author":[{"embeddable":true,"href":"https:\/\/wgphoto.pl\/t\/index.php?rest_route=\/wp\/v2\/users\/1"}],"replies":[{"embeddable":true,"href":"https:\/\/wgphoto.pl\/t\/index.php?rest_route=%2Fwp%2Fv2%2Fcomments&post=8643"}],"version-history":[{"count":1,"href":"https:\/\/wgphoto.pl\/t\/index.php?rest_route=\/wp\/v2\/posts\/8643\/revisions"}],"predecessor-version":[{"id":8645,"href":"https:\/\/wgphoto.pl\/t\/index.php?rest_route=\/wp\/v2\/posts\/8643\/revisions\/8645"}],"wp:featuredmedia":[{"embeddable":true,"href":"https:\/\/wgphoto.pl\/t\/index.php?rest_route=\/wp\/v2\/media\/8644"}],"wp:attachment":[{"href":"https:\/\/wgphoto.pl\/t\/index.php?rest_route=%2Fwp%2Fv2%2Fmedia&parent=8643"}],"wp:term":[{"taxonomy":"category","embeddable":true,"href":"https:\/\/wgphoto.pl\/t\/index.php?rest_route=%2Fwp%2Fv2%2Fcategories&post=8643"},{"taxonomy":"post_tag","embeddable":true,"href":"https:\/\/wgphoto.pl\/t\/index.php?rest_route=%2Fwp%2Fv2%2Ftags&post=8643"}],"curies":[{"name":"wp","href":"https:\/\/api.w.org\/{rel}","templated":true}]}}