{"id":8655,"date":"2025-01-03T21:07:15","date_gmt":"2025-01-03T20:07:15","guid":{"rendered":"https:\/\/wgphoto.pl\/t\/?p=8655"},"modified":"2025-01-03T21:07:15","modified_gmt":"2025-01-03T20:07:15","slug":"marcowe-slonce-motorak-i-biegowki","status":"publish","type":"post","link":"https:\/\/wgphoto.pl\/t\/?p=8655","title":{"rendered":"Marcowe s\u0142o\u0144ce, motorak i bieg\u00f3wki"},"content":{"rendered":"\n<figure class=\"wp-block-image aligncenter size-full\"><img loading=\"lazy\" decoding=\"async\" width=\"703\" height=\"1050\" src=\"https:\/\/wgphoto.pl\/t\/wp-content\/uploads\/2025\/01\/IMGP2137.jpg\" alt=\"\" class=\"wp-image-8656\" srcset=\"https:\/\/wgphoto.pl\/t\/wp-content\/uploads\/2025\/01\/IMGP2137.jpg 703w, https:\/\/wgphoto.pl\/t\/wp-content\/uploads\/2025\/01\/IMGP2137-201x300.jpg 201w\" sizes=\"auto, (max-width: 703px) 100vw, 703px\" \/><\/figure>\n\n\n\n<div class=\"wp-block-group has-global-padding is-layout-constrained wp-block-group-is-layout-constrained\">\n<p>Moldava v Kru\u0161n\u00fdch hor\u00e1ch (780 m n.p.m.). S\u0142onko przygrzewa tak, \u017ce w samej koszulce mo\u017cna chodzi\u0107, cho\u0107 temperatura w cieniu osi\u0105ga lekki minus. Poci\u0105g osobowy 26803 do Mostu oczekuje pory odjazdu z przystanku po\u0142o\u017conego w oddaleniu od miejscowo\u015bci, lecz zim\u0105 ciesz\u0105cego si\u0119 sporym zainteresowaniem podr\u00f3\u017cnych za spraw\u0105 blisko\u015bci o\u015brodka narciarstwa biegowego. Jak wida\u0107 u do\u0142u kadru, trasa narciarska biegnie odt\u0105d po torowisku, linia kolejowa na dalszym, niemieckim odcinku jest bowiem nieczynna, a tor &#8211; najprawdopodobniej zdemontowany. Granica pa\u0144stw przebiega przez wiadukt, z kt\u00f3rego wykona\u0142em zdj\u0119cie. 14.03.2013<\/p>\n<\/div>\n","protected":false},"excerpt":{"rendered":"<p>Moldava v Kru\u0161n\u00fdch hor\u00e1ch (780 m n.p.m.). S\u0142onko przygrzewa tak, \u017ce w samej koszulce mo\u017cna chodzi\u0107, cho\u0107 temperatura w cieniu osi\u0105ga lekki minus. Poci\u0105g osobowy 26803 do Mostu oczekuje pory odjazdu z przystanku po\u0142o\u017conego w oddaleniu od miejscowo\u015bci, lecz zim\u0105 ciesz\u0105cego si\u0119 sporym zainteresowaniem podr\u00f3\u017cnych za spraw\u0105 blisko\u015bci o\u015brodka narciarstwa biegowego. Jak wida\u0107 u do\u0142u [&hellip;]<\/p>\n","protected":false},"author":1,"featured_media":8656,"comment_status":"open","ping_status":"","sticky":false,"template":"","format":"standard","meta":{"footnotes":""},"categories":[2,128,55],"tags":[2604,92,50,49,113,2605,94,44,2606],"class_list":["post-8655","post","type-post","status-publish","format-standard","has-post-thumbnail","hentry","category-kolej","category-pionowe","category-rok-2013","tag-2013-03-14","tag-92","tag-cd","tag-czechy","tag-landszaft","tag-moldava-v-krusnych-horach","tag-na-kolejowym-koncu-swiata","tag-snieg","tag-tab-cz135"],"_links":{"self":[{"href":"https:\/\/wgphoto.pl\/t\/index.php?rest_route=\/wp\/v2\/posts\/8655","targetHints":{"allow":["GET"]}}],"collection":[{"href":"https:\/\/wgphoto.pl\/t\/index.php?rest_route=\/wp\/v2\/posts"}],"about":[{"href":"https:\/\/wgphoto.pl\/t\/index.php?rest_route=\/wp\/v2\/types\/post"}],"author":[{"embeddable":true,"href":"https:\/\/wgphoto.pl\/t\/index.php?rest_route=\/wp\/v2\/users\/1"}],"replies":[{"embeddable":true,"href":"https:\/\/wgphoto.pl\/t\/index.php?rest_route=%2Fwp%2Fv2%2Fcomments&post=8655"}],"version-history":[{"count":1,"href":"https:\/\/wgphoto.pl\/t\/index.php?rest_route=\/wp\/v2\/posts\/8655\/revisions"}],"predecessor-version":[{"id":8657,"href":"https:\/\/wgphoto.pl\/t\/index.php?rest_route=\/wp\/v2\/posts\/8655\/revisions\/8657"}],"wp:featuredmedia":[{"embeddable":true,"href":"https:\/\/wgphoto.pl\/t\/index.php?rest_route=\/wp\/v2\/media\/8656"}],"wp:attachment":[{"href":"https:\/\/wgphoto.pl\/t\/index.php?rest_route=%2Fwp%2Fv2%2Fmedia&parent=8655"}],"wp:term":[{"taxonomy":"category","embeddable":true,"href":"https:\/\/wgphoto.pl\/t\/index.php?rest_route=%2Fwp%2Fv2%2Fcategories&post=8655"},{"taxonomy":"post_tag","embeddable":true,"href":"https:\/\/wgphoto.pl\/t\/index.php?rest_route=%2Fwp%2Fv2%2Ftags&post=8655"}],"curies":[{"name":"wp","href":"https:\/\/api.w.org\/{rel}","templated":true}]}}