{"id":8658,"date":"2025-01-03T21:08:37","date_gmt":"2025-01-03T20:08:37","guid":{"rendered":"https:\/\/wgphoto.pl\/t\/?p=8658"},"modified":"2025-01-03T21:08:37","modified_gmt":"2025-01-03T20:08:37","slug":"su45-054-bogdaniec","status":"publish","type":"post","link":"https:\/\/wgphoto.pl\/t\/?p=8658","title":{"rendered":"SU45-054, Bogdaniec"},"content":{"rendered":"\n<figure class=\"wp-block-image aligncenter size-full\"><img loading=\"lazy\" decoding=\"async\" width=\"1300\" height=\"870\" src=\"https:\/\/wgphoto.pl\/t\/wp-content\/uploads\/2025\/01\/IMGP8292.jpg\" alt=\"\" class=\"wp-image-8659\" srcset=\"https:\/\/wgphoto.pl\/t\/wp-content\/uploads\/2025\/01\/IMGP8292.jpg 1300w, https:\/\/wgphoto.pl\/t\/wp-content\/uploads\/2025\/01\/IMGP8292-300x201.jpg 300w, https:\/\/wgphoto.pl\/t\/wp-content\/uploads\/2025\/01\/IMGP8292-768x514.jpg 768w\" sizes=\"auto, (max-width: 1300px) 100vw, 1300px\" \/><\/figure>\n\n\n\n<div class=\"wp-block-group has-global-padding is-layout-constrained wp-block-group-is-layout-constrained\">\n<p>Jeszcze jeden dieslowski klasyk spod bandery PKP. \ud83d\ude09 SU45-054 z poci\u0105giem dodatkowym 85842 z Kostrzyna do Olsztyna mija semafor wjazdowy do Bogda\u0144ca. Bohuny na poci\u0105gach woodstockowych by\u0142y w\u00f3wczas pewn\u0105 nowo\u015bci\u0105. 2009-08-03<\/p>\n<\/div>\n","protected":false},"excerpt":{"rendered":"<p>Jeszcze jeden dieslowski klasyk spod bandery PKP. \ud83d\ude09 SU45-054 z poci\u0105giem dodatkowym 85842 z Kostrzyna do Olsztyna mija semafor wjazdowy do Bogda\u0144ca. Bohuny na poci\u0105gach woodstockowych by\u0142y w\u00f3wczas pewn\u0105 nowo\u015bci\u0105. 2009-08-03<\/p>\n","protected":false},"author":1,"featured_media":8659,"comment_status":"open","ping_status":"","sticky":false,"template":"","format":"standard","meta":{"footnotes":""},"categories":[2,169],"tags":[799,283,288,859,595,63,27,290,53,594,1278],"class_list":["post-8658","post","type-post","status-publish","format-standard","has-post-thumbnail","hentry","category-kolej","category-rok-2009","tag-2009-08-03","tag-bdhpmnu","tag-bipa","tag-bogdaniec","tag-ostbahn","tag-pkp","tag-polska","tag-su45","tag-sygnalizacja-ksztaltowa","tag-tab-pl345","tag-woodstock"],"_links":{"self":[{"href":"https:\/\/wgphoto.pl\/t\/index.php?rest_route=\/wp\/v2\/posts\/8658","targetHints":{"allow":["GET"]}}],"collection":[{"href":"https:\/\/wgphoto.pl\/t\/index.php?rest_route=\/wp\/v2\/posts"}],"about":[{"href":"https:\/\/wgphoto.pl\/t\/index.php?rest_route=\/wp\/v2\/types\/post"}],"author":[{"embeddable":true,"href":"https:\/\/wgphoto.pl\/t\/index.php?rest_route=\/wp\/v2\/users\/1"}],"replies":[{"embeddable":true,"href":"https:\/\/wgphoto.pl\/t\/index.php?rest_route=%2Fwp%2Fv2%2Fcomments&post=8658"}],"version-history":[{"count":1,"href":"https:\/\/wgphoto.pl\/t\/index.php?rest_route=\/wp\/v2\/posts\/8658\/revisions"}],"predecessor-version":[{"id":8660,"href":"https:\/\/wgphoto.pl\/t\/index.php?rest_route=\/wp\/v2\/posts\/8658\/revisions\/8660"}],"wp:featuredmedia":[{"embeddable":true,"href":"https:\/\/wgphoto.pl\/t\/index.php?rest_route=\/wp\/v2\/media\/8659"}],"wp:attachment":[{"href":"https:\/\/wgphoto.pl\/t\/index.php?rest_route=%2Fwp%2Fv2%2Fmedia&parent=8658"}],"wp:term":[{"taxonomy":"category","embeddable":true,"href":"https:\/\/wgphoto.pl\/t\/index.php?rest_route=%2Fwp%2Fv2%2Fcategories&post=8658"},{"taxonomy":"post_tag","embeddable":true,"href":"https:\/\/wgphoto.pl\/t\/index.php?rest_route=%2Fwp%2Fv2%2Ftags&post=8658"}],"curies":[{"name":"wp","href":"https:\/\/api.w.org\/{rel}","templated":true}]}}