{"id":866,"date":"2024-09-30T22:00:58","date_gmt":"2024-09-30T20:00:58","guid":{"rendered":"https:\/\/wgphoto.pl\/t\/?p=866"},"modified":"2024-09-30T22:00:58","modified_gmt":"2024-09-30T20:00:58","slug":"jeszcze-po-staremu","status":"publish","type":"post","link":"https:\/\/wgphoto.pl\/t\/?p=866","title":{"rendered":"Jeszcze po staremu"},"content":{"rendered":"\n<figure class=\"wp-block-image aligncenter size-full\"><img loading=\"lazy\" decoding=\"async\" width=\"1300\" height=\"870\" src=\"https:\/\/wgphoto.pl\/t\/wp-content\/uploads\/2024\/09\/IMGP3373.jpg\" alt=\"\" class=\"wp-image-867\" srcset=\"https:\/\/wgphoto.pl\/t\/wp-content\/uploads\/2024\/09\/IMGP3373.jpg 1300w, https:\/\/wgphoto.pl\/t\/wp-content\/uploads\/2024\/09\/IMGP3373-300x201.jpg 300w, https:\/\/wgphoto.pl\/t\/wp-content\/uploads\/2024\/09\/IMGP3373-768x514.jpg 768w\" sizes=\"auto, (max-width: 1300px) 100vw, 1300px\" \/><\/figure>\n\n\n\n<div class=\"wp-block-group has-global-padding is-layout-constrained wp-block-group-is-layout-constrained\">\n<p>Maszyna 441-752 poprowadzi nocny poci\u0105g pospieszny 340 z Belgradu do Budapesztu, z wagonem sypialnym do Wiednia. Na stacji Beograd, gdzie powsta\u0142o foto, panuje sk\u0105pe o\u015bwietlenie oraz obowi\u0105zuje zakaz fotografowania, st\u0105d te\u017c niedoskona\u0142o\u015bci techniczne. Warto jednak wyci\u0105gn\u0105\u0107 tego knota, bo od ubieg\u0142ego roku nie docieraj\u0105 tu ju\u017c poci\u0105gi. Ca\u0142o\u015b\u0107 ruchu przej\u0119\u0142a stacja Beograd Centar (le\u017c\u0105ca o wiele dalej od centrum wzgl\u0119dem starego dworca), kt\u00f3rej budow\u0119 rozpocz\u0119to ju\u017c w latach 70-tych XX wieku. 22.08.2011<\/p>\n<\/div>\n","protected":false},"excerpt":{"rendered":"<p>Maszyna 441-752 poprowadzi nocny poci\u0105g pospieszny 340 z Belgradu do Budapesztu, z wagonem sypialnym do Wiednia. Na stacji Beograd, gdzie powsta\u0142o foto, panuje sk\u0105pe o\u015bwietlenie oraz obowi\u0105zuje zakaz fotografowania, st\u0105d te\u017c niedoskona\u0142o\u015bci techniczne. Warto jednak wyci\u0105gn\u0105\u0107 tego knota, bo od ubieg\u0142ego roku nie docieraj\u0105 tu ju\u017c poci\u0105gi. Ca\u0142o\u015b\u0107 ruchu przej\u0119\u0142a stacja Beograd Centar (le\u017c\u0105ca o [&hellip;]<\/p>\n","protected":false},"author":1,"featured_media":867,"comment_status":"open","ping_status":"","sticky":false,"template":"","format":"standard","meta":{"footnotes":""},"categories":[2,77],"tags":[444,443,24,442,90,445],"class_list":["post-866","post","type-post","status-publish","format-standard","has-post-thumbnail","hentry","category-kolej","category-rok-2011","tag-2011-08-22","tag-belgrad","tag-perony","tag-serbia","tag-wieczorem","tag-zs"],"_links":{"self":[{"href":"https:\/\/wgphoto.pl\/t\/index.php?rest_route=\/wp\/v2\/posts\/866","targetHints":{"allow":["GET"]}}],"collection":[{"href":"https:\/\/wgphoto.pl\/t\/index.php?rest_route=\/wp\/v2\/posts"}],"about":[{"href":"https:\/\/wgphoto.pl\/t\/index.php?rest_route=\/wp\/v2\/types\/post"}],"author":[{"embeddable":true,"href":"https:\/\/wgphoto.pl\/t\/index.php?rest_route=\/wp\/v2\/users\/1"}],"replies":[{"embeddable":true,"href":"https:\/\/wgphoto.pl\/t\/index.php?rest_route=%2Fwp%2Fv2%2Fcomments&post=866"}],"version-history":[{"count":1,"href":"https:\/\/wgphoto.pl\/t\/index.php?rest_route=\/wp\/v2\/posts\/866\/revisions"}],"predecessor-version":[{"id":868,"href":"https:\/\/wgphoto.pl\/t\/index.php?rest_route=\/wp\/v2\/posts\/866\/revisions\/868"}],"wp:featuredmedia":[{"embeddable":true,"href":"https:\/\/wgphoto.pl\/t\/index.php?rest_route=\/wp\/v2\/media\/867"}],"wp:attachment":[{"href":"https:\/\/wgphoto.pl\/t\/index.php?rest_route=%2Fwp%2Fv2%2Fmedia&parent=866"}],"wp:term":[{"taxonomy":"category","embeddable":true,"href":"https:\/\/wgphoto.pl\/t\/index.php?rest_route=%2Fwp%2Fv2%2Fcategories&post=866"},{"taxonomy":"post_tag","embeddable":true,"href":"https:\/\/wgphoto.pl\/t\/index.php?rest_route=%2Fwp%2Fv2%2Ftags&post=866"}],"curies":[{"name":"wp","href":"https:\/\/api.w.org\/{rel}","templated":true}]}}