{"id":8661,"date":"2025-01-03T21:10:09","date_gmt":"2025-01-03T20:10:09","guid":{"rendered":"https:\/\/wgphoto.pl\/t\/?p=8661"},"modified":"2025-01-03T21:10:09","modified_gmt":"2025-01-03T20:10:09","slug":"bergen","status":"publish","type":"post","link":"https:\/\/wgphoto.pl\/t\/?p=8661","title":{"rendered":"Bergen"},"content":{"rendered":"\n<figure class=\"wp-block-image aligncenter size-full\"><img loading=\"lazy\" decoding=\"async\" width=\"1024\" height=\"683\" src=\"https:\/\/wgphoto.pl\/t\/wp-content\/uploads\/2025\/01\/IMGP5195.jpg\" alt=\"\" class=\"wp-image-8662\" srcset=\"https:\/\/wgphoto.pl\/t\/wp-content\/uploads\/2025\/01\/IMGP5195.jpg 1024w, https:\/\/wgphoto.pl\/t\/wp-content\/uploads\/2025\/01\/IMGP5195-300x200.jpg 300w, https:\/\/wgphoto.pl\/t\/wp-content\/uploads\/2025\/01\/IMGP5195-768x512.jpg 768w\" sizes=\"auto, (max-width: 1024px) 100vw, 1024px\" \/><\/figure>\n\n\n\n<div class=\"wp-block-group has-global-padding is-layout-constrained wp-block-group-is-layout-constrained\">\n<p>Pojazd szwajcarskiej produkcji, kursuj\u0105cy na jedynej linii szybkiego tramwaju w drugim co do wielko\u015bci norweskim mie\u015bcie, za moment zatrzyma si\u0119 na przystanku M\u00e5rdalen, po\u0142o\u017conym na oddanym do ruchu przed dwoma miesi\u0105cami niespe\u0142na 3,5-kilometrowym przed\u0142u\u017ceniu trasy z Nesttun do Lagunen. Linia przebiega przez atrakcyjne widokowo tereny, lecz fotografowanie utrudnia dosy\u0107 inwazyjnie zawieszona sie\u0107 trakcyjna. Bergen, 23.08.2013<\/p>\n<\/div>\n","protected":false},"excerpt":{"rendered":"<p>Pojazd szwajcarskiej produkcji, kursuj\u0105cy na jedynej linii szybkiego tramwaju w drugim co do wielko\u015bci norweskim mie\u015bcie, za moment zatrzyma si\u0119 na przystanku M\u00e5rdalen, po\u0142o\u017conym na oddanym do ruchu przed dwoma miesi\u0105cami niespe\u0142na 3,5-kilometrowym przed\u0142u\u017ceniu trasy z Nesttun do Lagunen. Linia przebiega przez atrakcyjne widokowo tereny, lecz fotografowanie utrudnia dosy\u0107 inwazyjnie zawieszona sie\u0107 trakcyjna. Bergen, 23.08.2013<\/p>\n","protected":false},"author":1,"featured_media":8662,"comment_status":"open","ping_status":"","sticky":false,"template":"","format":"standard","meta":{"footnotes":""},"categories":[55,3],"tags":[727,724,725,114,78,726],"class_list":["post-8661","post","type-post","status-publish","format-standard","has-post-thumbnail","hentry","category-rok-2013","category-tramwaj","tag-2013-08-23","tag-bergen","tag-bybanen-bergen","tag-gory","tag-norwegia","tag-variobahn"],"_links":{"self":[{"href":"https:\/\/wgphoto.pl\/t\/index.php?rest_route=\/wp\/v2\/posts\/8661","targetHints":{"allow":["GET"]}}],"collection":[{"href":"https:\/\/wgphoto.pl\/t\/index.php?rest_route=\/wp\/v2\/posts"}],"about":[{"href":"https:\/\/wgphoto.pl\/t\/index.php?rest_route=\/wp\/v2\/types\/post"}],"author":[{"embeddable":true,"href":"https:\/\/wgphoto.pl\/t\/index.php?rest_route=\/wp\/v2\/users\/1"}],"replies":[{"embeddable":true,"href":"https:\/\/wgphoto.pl\/t\/index.php?rest_route=%2Fwp%2Fv2%2Fcomments&post=8661"}],"version-history":[{"count":1,"href":"https:\/\/wgphoto.pl\/t\/index.php?rest_route=\/wp\/v2\/posts\/8661\/revisions"}],"predecessor-version":[{"id":8663,"href":"https:\/\/wgphoto.pl\/t\/index.php?rest_route=\/wp\/v2\/posts\/8661\/revisions\/8663"}],"wp:featuredmedia":[{"embeddable":true,"href":"https:\/\/wgphoto.pl\/t\/index.php?rest_route=\/wp\/v2\/media\/8662"}],"wp:attachment":[{"href":"https:\/\/wgphoto.pl\/t\/index.php?rest_route=%2Fwp%2Fv2%2Fmedia&parent=8661"}],"wp:term":[{"taxonomy":"category","embeddable":true,"href":"https:\/\/wgphoto.pl\/t\/index.php?rest_route=%2Fwp%2Fv2%2Fcategories&post=8661"},{"taxonomy":"post_tag","embeddable":true,"href":"https:\/\/wgphoto.pl\/t\/index.php?rest_route=%2Fwp%2Fv2%2Ftags&post=8661"}],"curies":[{"name":"wp","href":"https:\/\/api.w.org\/{rel}","templated":true}]}}