{"id":8664,"date":"2025-01-03T21:11:26","date_gmt":"2025-01-03T20:11:26","guid":{"rendered":"https:\/\/wgphoto.pl\/t\/?p=8664"},"modified":"2025-01-03T21:11:26","modified_gmt":"2025-01-03T20:11:26","slug":"niemieckie-znaki","status":"publish","type":"post","link":"https:\/\/wgphoto.pl\/t\/?p=8664","title":{"rendered":"Niemieckie znaki"},"content":{"rendered":"\n<figure class=\"wp-block-image aligncenter size-full\"><img loading=\"lazy\" decoding=\"async\" width=\"1024\" height=\"683\" src=\"https:\/\/wgphoto.pl\/t\/wp-content\/uploads\/2025\/01\/IMGP9384.jpg\" alt=\"\" class=\"wp-image-8665\" srcset=\"https:\/\/wgphoto.pl\/t\/wp-content\/uploads\/2025\/01\/IMGP9384.jpg 1024w, https:\/\/wgphoto.pl\/t\/wp-content\/uploads\/2025\/01\/IMGP9384-300x200.jpg 300w, https:\/\/wgphoto.pl\/t\/wp-content\/uploads\/2025\/01\/IMGP9384-768x512.jpg 768w\" sizes=\"auto, (max-width: 1024px) 100vw, 1024px\" \/><\/figure>\n\n\n\n<div class=\"wp-block-group has-global-padding is-layout-constrained wp-block-group-is-layout-constrained\">\n<p>Dwukierunkowy Variobahn, opuszczaj\u0105cy p\u0119tl\u0119 Hutholz w Chemnitz, na moment przerwa\u0142 prac\u0119 ekipie zajmuj\u0105cej si\u0119 konserwacj\u0105 zwrotnic. Warto zwr\u00f3ci\u0107 uwag\u0119 na niemieckie znaki drogowe: Andrzeje na skrzy\u017cowaniach z tramwajem oraz tramwajowy znak &#8222;ust\u0105p pierwsze\u0144stwa&#8221;, daj\u0105cy pierwsze\u0144stwo tramwajom wje\u017cd\u017caj\u0105cym na prawoskr\u0119tn\u0105 p\u0119tl\u0119, nie za\u015b, jak by to by\u0142o wewro, autom na drodze poprzecznej. 08.09.2009<\/p>\n<\/div>\n","protected":false},"excerpt":{"rendered":"<p>Dwukierunkowy Variobahn, opuszczaj\u0105cy p\u0119tl\u0119 Hutholz w Chemnitz, na moment przerwa\u0142 prac\u0119 ekipie zajmuj\u0105cej si\u0119 konserwacj\u0105 zwrotnic. Warto zwr\u00f3ci\u0107 uwag\u0119 na niemieckie znaki drogowe: Andrzeje na skrzy\u017cowaniach z tramwajem oraz tramwajowy znak &#8222;ust\u0105p pierwsze\u0144stwa&#8221;, daj\u0105cy pierwsze\u0144stwo tramwajom wje\u017cd\u017caj\u0105cym na prawoskr\u0119tn\u0105 p\u0119tl\u0119, nie za\u015b, jak by to by\u0142o wewro, autom na drodze poprzecznej. 08.09.2009<\/p>\n","protected":false},"author":1,"featured_media":8665,"comment_status":"open","ping_status":"","sticky":false,"template":"","format":"standard","meta":{"footnotes":""},"categories":[169,3],"tags":[731,732,730,230,151,23,726],"class_list":["post-8664","post","type-post","status-publish","format-standard","has-post-thumbnail","hentry","category-rok-2009","category-tramwaj","tag-2009-09-08","tag-chemnitz","tag-cvag-chemnitz","tag-infrastruktura","tag-ludzie","tag-niemcy","tag-variobahn"],"_links":{"self":[{"href":"https:\/\/wgphoto.pl\/t\/index.php?rest_route=\/wp\/v2\/posts\/8664","targetHints":{"allow":["GET"]}}],"collection":[{"href":"https:\/\/wgphoto.pl\/t\/index.php?rest_route=\/wp\/v2\/posts"}],"about":[{"href":"https:\/\/wgphoto.pl\/t\/index.php?rest_route=\/wp\/v2\/types\/post"}],"author":[{"embeddable":true,"href":"https:\/\/wgphoto.pl\/t\/index.php?rest_route=\/wp\/v2\/users\/1"}],"replies":[{"embeddable":true,"href":"https:\/\/wgphoto.pl\/t\/index.php?rest_route=%2Fwp%2Fv2%2Fcomments&post=8664"}],"version-history":[{"count":1,"href":"https:\/\/wgphoto.pl\/t\/index.php?rest_route=\/wp\/v2\/posts\/8664\/revisions"}],"predecessor-version":[{"id":8666,"href":"https:\/\/wgphoto.pl\/t\/index.php?rest_route=\/wp\/v2\/posts\/8664\/revisions\/8666"}],"wp:featuredmedia":[{"embeddable":true,"href":"https:\/\/wgphoto.pl\/t\/index.php?rest_route=\/wp\/v2\/media\/8665"}],"wp:attachment":[{"href":"https:\/\/wgphoto.pl\/t\/index.php?rest_route=%2Fwp%2Fv2%2Fmedia&parent=8664"}],"wp:term":[{"taxonomy":"category","embeddable":true,"href":"https:\/\/wgphoto.pl\/t\/index.php?rest_route=%2Fwp%2Fv2%2Fcategories&post=8664"},{"taxonomy":"post_tag","embeddable":true,"href":"https:\/\/wgphoto.pl\/t\/index.php?rest_route=%2Fwp%2Fv2%2Ftags&post=8664"}],"curies":[{"name":"wp","href":"https:\/\/api.w.org\/{rel}","templated":true}]}}