{"id":8667,"date":"2025-01-03T21:12:28","date_gmt":"2025-01-03T20:12:28","guid":{"rendered":"https:\/\/wgphoto.pl\/t\/?p=8667"},"modified":"2025-01-03T21:12:28","modified_gmt":"2025-01-03T20:12:28","slug":"urody-poskapiono","status":"publish","type":"post","link":"https:\/\/wgphoto.pl\/t\/?p=8667","title":{"rendered":"Urody posk\u0105piono"},"content":{"rendered":"\n<figure class=\"wp-block-image aligncenter size-full\"><img loading=\"lazy\" decoding=\"async\" width=\"1024\" height=\"683\" src=\"https:\/\/wgphoto.pl\/t\/wp-content\/uploads\/2025\/01\/IMGP9387.jpg\" alt=\"\" class=\"wp-image-8668\" srcset=\"https:\/\/wgphoto.pl\/t\/wp-content\/uploads\/2025\/01\/IMGP9387.jpg 1024w, https:\/\/wgphoto.pl\/t\/wp-content\/uploads\/2025\/01\/IMGP9387-300x200.jpg 300w, https:\/\/wgphoto.pl\/t\/wp-content\/uploads\/2025\/01\/IMGP9387-768x512.jpg 768w\" sizes=\"auto, (max-width: 1024px) 100vw, 1024px\" \/><\/figure>\n\n\n\n<div class=\"wp-block-group has-global-padding is-layout-constrained wp-block-group-is-layout-constrained\">\n<p>Chemnitz, p\u0119tla Hutholz. Nieszczeg\u00f3lnie urodziwe tramwaje odbywaj\u0105 przerw\u0119 pod enerdowsk\u0105 wielk\u0105 p\u0142yt\u0105. Tak, to jest Variobahn (pochodz\u0105cy z pierwszej serii; prototyp o numerze 601 obchodzi w tym roku 32 urodziny!) i tak, to jest tatra T3. 08.09.2009<\/p>\n<\/div>\n","protected":false},"excerpt":{"rendered":"<p>Chemnitz, p\u0119tla Hutholz. Nieszczeg\u00f3lnie urodziwe tramwaje odbywaj\u0105 przerw\u0119 pod enerdowsk\u0105 wielk\u0105 p\u0142yt\u0105. Tak, to jest Variobahn (pochodz\u0105cy z pierwszej serii; prototyp o numerze 601 obchodzi w tym roku 32 urodziny!) i tak, to jest tatra T3. 08.09.2009<\/p>\n","protected":false},"author":1,"featured_media":8668,"comment_status":"open","ping_status":"","sticky":false,"template":"","format":"standard","meta":{"footnotes":""},"categories":[169,3],"tags":[731,732,730,23,1011,726],"class_list":["post-8667","post","type-post","status-publish","format-standard","has-post-thumbnail","hentry","category-rok-2009","category-tramwaj","tag-2009-09-08","tag-chemnitz","tag-cvag-chemnitz","tag-niemcy","tag-tatra-t3","tag-variobahn"],"_links":{"self":[{"href":"https:\/\/wgphoto.pl\/t\/index.php?rest_route=\/wp\/v2\/posts\/8667","targetHints":{"allow":["GET"]}}],"collection":[{"href":"https:\/\/wgphoto.pl\/t\/index.php?rest_route=\/wp\/v2\/posts"}],"about":[{"href":"https:\/\/wgphoto.pl\/t\/index.php?rest_route=\/wp\/v2\/types\/post"}],"author":[{"embeddable":true,"href":"https:\/\/wgphoto.pl\/t\/index.php?rest_route=\/wp\/v2\/users\/1"}],"replies":[{"embeddable":true,"href":"https:\/\/wgphoto.pl\/t\/index.php?rest_route=%2Fwp%2Fv2%2Fcomments&post=8667"}],"version-history":[{"count":1,"href":"https:\/\/wgphoto.pl\/t\/index.php?rest_route=\/wp\/v2\/posts\/8667\/revisions"}],"predecessor-version":[{"id":8669,"href":"https:\/\/wgphoto.pl\/t\/index.php?rest_route=\/wp\/v2\/posts\/8667\/revisions\/8669"}],"wp:featuredmedia":[{"embeddable":true,"href":"https:\/\/wgphoto.pl\/t\/index.php?rest_route=\/wp\/v2\/media\/8668"}],"wp:attachment":[{"href":"https:\/\/wgphoto.pl\/t\/index.php?rest_route=%2Fwp%2Fv2%2Fmedia&parent=8667"}],"wp:term":[{"taxonomy":"category","embeddable":true,"href":"https:\/\/wgphoto.pl\/t\/index.php?rest_route=%2Fwp%2Fv2%2Fcategories&post=8667"},{"taxonomy":"post_tag","embeddable":true,"href":"https:\/\/wgphoto.pl\/t\/index.php?rest_route=%2Fwp%2Fv2%2Ftags&post=8667"}],"curies":[{"name":"wp","href":"https:\/\/api.w.org\/{rel}","templated":true}]}}