{"id":8670,"date":"2025-01-03T21:13:48","date_gmt":"2025-01-03T20:13:48","guid":{"rendered":"https:\/\/wgphoto.pl\/t\/?p=8670"},"modified":"2025-01-03T21:13:48","modified_gmt":"2025-01-03T20:13:48","slug":"zjazd-do-zajezdni","status":"publish","type":"post","link":"https:\/\/wgphoto.pl\/t\/?p=8670","title":{"rendered":"Zjazd do zajezdni"},"content":{"rendered":"\n<figure class=\"wp-block-image aligncenter size-full\"><img loading=\"lazy\" decoding=\"async\" width=\"1300\" height=\"897\" src=\"https:\/\/wgphoto.pl\/t\/wp-content\/uploads\/2025\/01\/IMGP5227.jpg\" alt=\"\" class=\"wp-image-8671\" srcset=\"https:\/\/wgphoto.pl\/t\/wp-content\/uploads\/2025\/01\/IMGP5227.jpg 1300w, https:\/\/wgphoto.pl\/t\/wp-content\/uploads\/2025\/01\/IMGP5227-300x207.jpg 300w, https:\/\/wgphoto.pl\/t\/wp-content\/uploads\/2025\/01\/IMGP5227-768x530.jpg 768w\" sizes=\"auto, (max-width: 1300px) 100vw, 1300px\" \/><\/figure>\n\n\n\n<div class=\"wp-block-group has-global-padding is-layout-constrained wp-block-group-is-layout-constrained\">\n<p>Bergen, przystanek Wergeland. Wagon 208 otablicowany jako ingen p\u00e5stigning, co znaczy\u0142oby mniej wi\u0119cej prosz\u0119 nie wsiada\u0107, zje\u017cd\u017ca na pusto do zajezdni po zako\u0144czeniu szczytu komunikacyjnego. W szczycie cz\u0119stotliwo\u015b\u0107 kursowania tutejszego tramwaju wzrasta dwukrotnie &#8211; z 10 do 5 minut i pomimo tego ka\u017cdy kurs cieszy si\u0119 bardzo wysok\u0105 frekwencj\u0105. 2013-08-23<\/p>\n<\/div>\n","protected":false},"excerpt":{"rendered":"<p>Bergen, przystanek Wergeland. Wagon 208 otablicowany jako ingen p\u00e5stigning, co znaczy\u0142oby mniej wi\u0119cej prosz\u0119 nie wsiada\u0107, zje\u017cd\u017ca na pusto do zajezdni po zako\u0144czeniu szczytu komunikacyjnego. W szczycie cz\u0119stotliwo\u015b\u0107 kursowania tutejszego tramwaju wzrasta dwukrotnie &#8211; z 10 do 5 minut i pomimo tego ka\u017cdy kurs cieszy si\u0119 bardzo wysok\u0105 frekwencj\u0105. 2013-08-23<\/p>\n","protected":false},"author":1,"featured_media":8671,"comment_status":"open","ping_status":"","sticky":false,"template":"","format":"standard","meta":{"footnotes":""},"categories":[55,3],"tags":[727,724,725,114,78,219,726],"class_list":["post-8670","post","type-post","status-publish","format-standard","has-post-thumbnail","hentry","category-rok-2013","category-tramwaj","tag-2013-08-23","tag-bergen","tag-bybanen-bergen","tag-gory","tag-norwegia","tag-przystanek","tag-variobahn"],"_links":{"self":[{"href":"https:\/\/wgphoto.pl\/t\/index.php?rest_route=\/wp\/v2\/posts\/8670","targetHints":{"allow":["GET"]}}],"collection":[{"href":"https:\/\/wgphoto.pl\/t\/index.php?rest_route=\/wp\/v2\/posts"}],"about":[{"href":"https:\/\/wgphoto.pl\/t\/index.php?rest_route=\/wp\/v2\/types\/post"}],"author":[{"embeddable":true,"href":"https:\/\/wgphoto.pl\/t\/index.php?rest_route=\/wp\/v2\/users\/1"}],"replies":[{"embeddable":true,"href":"https:\/\/wgphoto.pl\/t\/index.php?rest_route=%2Fwp%2Fv2%2Fcomments&post=8670"}],"version-history":[{"count":1,"href":"https:\/\/wgphoto.pl\/t\/index.php?rest_route=\/wp\/v2\/posts\/8670\/revisions"}],"predecessor-version":[{"id":8672,"href":"https:\/\/wgphoto.pl\/t\/index.php?rest_route=\/wp\/v2\/posts\/8670\/revisions\/8672"}],"wp:featuredmedia":[{"embeddable":true,"href":"https:\/\/wgphoto.pl\/t\/index.php?rest_route=\/wp\/v2\/media\/8671"}],"wp:attachment":[{"href":"https:\/\/wgphoto.pl\/t\/index.php?rest_route=%2Fwp%2Fv2%2Fmedia&parent=8670"}],"wp:term":[{"taxonomy":"category","embeddable":true,"href":"https:\/\/wgphoto.pl\/t\/index.php?rest_route=%2Fwp%2Fv2%2Fcategories&post=8670"},{"taxonomy":"post_tag","embeddable":true,"href":"https:\/\/wgphoto.pl\/t\/index.php?rest_route=%2Fwp%2Fv2%2Ftags&post=8670"}],"curies":[{"name":"wp","href":"https:\/\/api.w.org\/{rel}","templated":true}]}}