{"id":8691,"date":"2025-01-03T21:25:33","date_gmt":"2025-01-03T20:25:33","guid":{"rendered":"https:\/\/wgphoto.pl\/t\/?p=8691"},"modified":"2025-01-03T21:25:33","modified_gmt":"2025-01-03T20:25:33","slug":"jeden-z-dwoch","status":"publish","type":"post","link":"https:\/\/wgphoto.pl\/t\/?p=8691","title":{"rendered":"Jeden z dw\u00f3ch"},"content":{"rendered":"\n<figure class=\"wp-block-image aligncenter size-full\"><img loading=\"lazy\" decoding=\"async\" width=\"1300\" height=\"862\" src=\"https:\/\/wgphoto.pl\/t\/wp-content\/uploads\/2025\/01\/2002r-24.jpg\" alt=\"\" class=\"wp-image-8692\" srcset=\"https:\/\/wgphoto.pl\/t\/wp-content\/uploads\/2025\/01\/2002r-24.jpg 1300w, https:\/\/wgphoto.pl\/t\/wp-content\/uploads\/2025\/01\/2002r-24-300x199.jpg 300w, https:\/\/wgphoto.pl\/t\/wp-content\/uploads\/2025\/01\/2002r-24-768x509.jpg 768w\" sizes=\"auto, (max-width: 1300px) 100vw, 1300px\" \/><\/figure>\n\n\n\n<div class=\"wp-block-group has-global-padding is-layout-constrained wp-block-group-is-layout-constrained\">\n<p>Szczecin, ul. Krzysztofa Kolumba, sk\u0142ad GT6+B4 509+551 (pierwszy ex-D\u00fcsseldorf, doczepa ex-Frankfurt), jeden z dw\u00f3ch \u00f3wczesnych sk\u0142ad\u00f3w liniowych z doczep\u0105 biern\u0105. 14.07.2002<\/p>\n<\/div>\n","protected":false},"excerpt":{"rendered":"<p>Szczecin, ul. Krzysztofa Kolumba, sk\u0142ad GT6+B4 509+551 (pierwszy ex-D\u00fcsseldorf, doczepa ex-Frankfurt), jeden z dw\u00f3ch \u00f3wczesnych sk\u0142ad\u00f3w liniowych z doczep\u0105 biern\u0105. 14.07.2002<\/p>\n","protected":false},"author":1,"featured_media":8692,"comment_status":"open","ping_status":"","sticky":false,"template":"","format":"standard","meta":{"footnotes":""},"categories":[62,577,3],"tags":[950,101,740,27,143,380,301],"class_list":["post-8691","post","type-post","status-publish","format-standard","has-post-thumbnail","hentry","category-analog","category-rok-2002","category-tramwaj","tag-2002-07-14","tag-gt6","tag-mzk-szczecin","tag-polska","tag-ponad-30m","tag-spod-dworca","tag-szczecin"],"_links":{"self":[{"href":"https:\/\/wgphoto.pl\/t\/index.php?rest_route=\/wp\/v2\/posts\/8691","targetHints":{"allow":["GET"]}}],"collection":[{"href":"https:\/\/wgphoto.pl\/t\/index.php?rest_route=\/wp\/v2\/posts"}],"about":[{"href":"https:\/\/wgphoto.pl\/t\/index.php?rest_route=\/wp\/v2\/types\/post"}],"author":[{"embeddable":true,"href":"https:\/\/wgphoto.pl\/t\/index.php?rest_route=\/wp\/v2\/users\/1"}],"replies":[{"embeddable":true,"href":"https:\/\/wgphoto.pl\/t\/index.php?rest_route=%2Fwp%2Fv2%2Fcomments&post=8691"}],"version-history":[{"count":1,"href":"https:\/\/wgphoto.pl\/t\/index.php?rest_route=\/wp\/v2\/posts\/8691\/revisions"}],"predecessor-version":[{"id":8693,"href":"https:\/\/wgphoto.pl\/t\/index.php?rest_route=\/wp\/v2\/posts\/8691\/revisions\/8693"}],"wp:featuredmedia":[{"embeddable":true,"href":"https:\/\/wgphoto.pl\/t\/index.php?rest_route=\/wp\/v2\/media\/8692"}],"wp:attachment":[{"href":"https:\/\/wgphoto.pl\/t\/index.php?rest_route=%2Fwp%2Fv2%2Fmedia&parent=8691"}],"wp:term":[{"taxonomy":"category","embeddable":true,"href":"https:\/\/wgphoto.pl\/t\/index.php?rest_route=%2Fwp%2Fv2%2Fcategories&post=8691"},{"taxonomy":"post_tag","embeddable":true,"href":"https:\/\/wgphoto.pl\/t\/index.php?rest_route=%2Fwp%2Fv2%2Ftags&post=8691"}],"curies":[{"name":"wp","href":"https:\/\/api.w.org\/{rel}","templated":true}]}}