{"id":8791,"date":"2025-01-04T22:51:32","date_gmt":"2025-01-04T21:51:32","guid":{"rendered":"https:\/\/wgphoto.pl\/t\/?p=8791"},"modified":"2025-01-04T22:51:32","modified_gmt":"2025-01-04T21:51:32","slug":"drewniane-lawki","status":"publish","type":"post","link":"https:\/\/wgphoto.pl\/t\/?p=8791","title":{"rendered":"Drewniane \u0142awki"},"content":{"rendered":"\n<figure class=\"wp-block-image aligncenter size-full\"><img loading=\"lazy\" decoding=\"async\" width=\"1300\" height=\"861\" src=\"https:\/\/wgphoto.pl\/t\/wp-content\/uploads\/2025\/01\/IMGP7757.jpg\" alt=\"\" class=\"wp-image-8792\" srcset=\"https:\/\/wgphoto.pl\/t\/wp-content\/uploads\/2025\/01\/IMGP7757.jpg 1300w, https:\/\/wgphoto.pl\/t\/wp-content\/uploads\/2025\/01\/IMGP7757-300x199.jpg 300w, https:\/\/wgphoto.pl\/t\/wp-content\/uploads\/2025\/01\/IMGP7757-768x509.jpg 768w\" sizes=\"auto, (max-width: 1300px) 100vw, 1300px\" \/><\/figure>\n\n\n\n<div class=\"wp-block-group has-global-padding is-layout-constrained wp-block-group-is-layout-constrained\">\n<p>Wn\u0119trze Peter Witta po przebytej niedawno naprawie g\u0142\u00f3wnej, gdzie b\u0142yszcz\u0105ce \u015bwie\u017cym lakierem \u0142awki i gustowne klosze o\u015bwietlenia g\u00f3rnego spotykaj\u0105 si\u0119 z kasownikami bilet\u00f3w z paskiem magnetycznym. 2014-11-04<\/p>\n<\/div>\n","protected":false},"excerpt":{"rendered":"<p>Wn\u0119trze Peter Witta po przebytej niedawno naprawie g\u0142\u00f3wnej, gdzie b\u0142yszcz\u0105ce \u015bwie\u017cym lakierem \u0142awki i gustowne klosze o\u015bwietlenia g\u00f3rnego spotykaj\u0105 si\u0119 z kasownikami bilet\u00f3w z paskiem magnetycznym. 2014-11-04<\/p>\n","protected":false},"author":1,"featured_media":8792,"comment_status":"open","ping_status":"","sticky":false,"template":"","format":"standard","meta":{"footnotes":""},"categories":[220,48,3],"tags":[2818,834,835,2724,110,454],"class_list":["post-8791","post","type-post","status-publish","format-standard","has-post-thumbnail","hentry","category-blo","category-rok-2014","category-tramwaj","tag-2014-11-04","tag-atm-milano","tag-mediolan","tag-peter-witt","tag-wlochy","tag-wnetrza-pojazdow"],"_links":{"self":[{"href":"https:\/\/wgphoto.pl\/t\/index.php?rest_route=\/wp\/v2\/posts\/8791","targetHints":{"allow":["GET"]}}],"collection":[{"href":"https:\/\/wgphoto.pl\/t\/index.php?rest_route=\/wp\/v2\/posts"}],"about":[{"href":"https:\/\/wgphoto.pl\/t\/index.php?rest_route=\/wp\/v2\/types\/post"}],"author":[{"embeddable":true,"href":"https:\/\/wgphoto.pl\/t\/index.php?rest_route=\/wp\/v2\/users\/1"}],"replies":[{"embeddable":true,"href":"https:\/\/wgphoto.pl\/t\/index.php?rest_route=%2Fwp%2Fv2%2Fcomments&post=8791"}],"version-history":[{"count":1,"href":"https:\/\/wgphoto.pl\/t\/index.php?rest_route=\/wp\/v2\/posts\/8791\/revisions"}],"predecessor-version":[{"id":8793,"href":"https:\/\/wgphoto.pl\/t\/index.php?rest_route=\/wp\/v2\/posts\/8791\/revisions\/8793"}],"wp:featuredmedia":[{"embeddable":true,"href":"https:\/\/wgphoto.pl\/t\/index.php?rest_route=\/wp\/v2\/media\/8792"}],"wp:attachment":[{"href":"https:\/\/wgphoto.pl\/t\/index.php?rest_route=%2Fwp%2Fv2%2Fmedia&parent=8791"}],"wp:term":[{"taxonomy":"category","embeddable":true,"href":"https:\/\/wgphoto.pl\/t\/index.php?rest_route=%2Fwp%2Fv2%2Fcategories&post=8791"},{"taxonomy":"post_tag","embeddable":true,"href":"https:\/\/wgphoto.pl\/t\/index.php?rest_route=%2Fwp%2Fv2%2Ftags&post=8791"}],"curies":[{"name":"wp","href":"https:\/\/api.w.org\/{rel}","templated":true}]}}