{"id":8799,"date":"2025-01-05T12:04:28","date_gmt":"2025-01-05T11:04:28","guid":{"rendered":"https:\/\/wgphoto.pl\/t\/?p=8799"},"modified":"2025-01-05T12:04:28","modified_gmt":"2025-01-05T11:04:28","slug":"plastik-i-drewno","status":"publish","type":"post","link":"https:\/\/wgphoto.pl\/t\/?p=8799","title":{"rendered":"Plastik i drewno"},"content":{"rendered":"\n<figure class=\"wp-block-image aligncenter size-full\"><img loading=\"lazy\" decoding=\"async\" width=\"1050\" height=\"700\" src=\"https:\/\/wgphoto.pl\/t\/wp-content\/uploads\/2025\/01\/IMGP9397.jpg\" alt=\"\" class=\"wp-image-8800\" srcset=\"https:\/\/wgphoto.pl\/t\/wp-content\/uploads\/2025\/01\/IMGP9397.jpg 1050w, https:\/\/wgphoto.pl\/t\/wp-content\/uploads\/2025\/01\/IMGP9397-300x200.jpg 300w, https:\/\/wgphoto.pl\/t\/wp-content\/uploads\/2025\/01\/IMGP9397-768x512.jpg 768w\" sizes=\"auto, (max-width: 1050px) 100vw, 1050px\" \/><\/figure>\n\n\n\n<div class=\"wp-block-group has-global-padding is-layout-constrained wp-block-group-is-layout-constrained\">\n<p>Zgierz, ul. 1 Maja. Zestaw \u017celazek opu\u015bci\u0142 przed chwil\u0105 p\u0119tl\u0119 na placu Jana Kili\u0144skiego i kieruje si\u0119 odcinkiem jednotorowym w stron\u0119 \u0141odzi. 2011-02-18<\/p>\n<\/div>\n","protected":false},"excerpt":{"rendered":"<p>Zgierz, ul. 1 Maja. Zestaw \u017celazek opu\u015bci\u0142 przed chwil\u0105 p\u0119tl\u0119 na placu Jana Kili\u0144skiego i kieruje si\u0119 odcinkiem jednotorowym w stron\u0119 \u0141odzi. 2011-02-18<\/p>\n","protected":false},"author":1,"featured_media":8800,"comment_status":"open","ping_status":"","sticky":false,"template":"","format":"standard","meta":{"footnotes":""},"categories":[77,3],"tags":[866,916,771,776,27,561,2819],"class_list":["post-8799","post","type-post","status-publish","format-standard","has-post-thumbnail","hentry","category-rok-2011","category-tramwaj","tag-2011-02-18","tag-konstal-805na","tag-lodz-linie-podmiejskie","tag-mpk-lodz","tag-polska","tag-tramwaj-podmiejski","tag-zgierz"],"_links":{"self":[{"href":"https:\/\/wgphoto.pl\/t\/index.php?rest_route=\/wp\/v2\/posts\/8799","targetHints":{"allow":["GET"]}}],"collection":[{"href":"https:\/\/wgphoto.pl\/t\/index.php?rest_route=\/wp\/v2\/posts"}],"about":[{"href":"https:\/\/wgphoto.pl\/t\/index.php?rest_route=\/wp\/v2\/types\/post"}],"author":[{"embeddable":true,"href":"https:\/\/wgphoto.pl\/t\/index.php?rest_route=\/wp\/v2\/users\/1"}],"replies":[{"embeddable":true,"href":"https:\/\/wgphoto.pl\/t\/index.php?rest_route=%2Fwp%2Fv2%2Fcomments&post=8799"}],"version-history":[{"count":1,"href":"https:\/\/wgphoto.pl\/t\/index.php?rest_route=\/wp\/v2\/posts\/8799\/revisions"}],"predecessor-version":[{"id":8801,"href":"https:\/\/wgphoto.pl\/t\/index.php?rest_route=\/wp\/v2\/posts\/8799\/revisions\/8801"}],"wp:featuredmedia":[{"embeddable":true,"href":"https:\/\/wgphoto.pl\/t\/index.php?rest_route=\/wp\/v2\/media\/8800"}],"wp:attachment":[{"href":"https:\/\/wgphoto.pl\/t\/index.php?rest_route=%2Fwp%2Fv2%2Fmedia&parent=8799"}],"wp:term":[{"taxonomy":"category","embeddable":true,"href":"https:\/\/wgphoto.pl\/t\/index.php?rest_route=%2Fwp%2Fv2%2Fcategories&post=8799"},{"taxonomy":"post_tag","embeddable":true,"href":"https:\/\/wgphoto.pl\/t\/index.php?rest_route=%2Fwp%2Fv2%2Ftags&post=8799"}],"curies":[{"name":"wp","href":"https:\/\/api.w.org\/{rel}","templated":true}]}}