{"id":8805,"date":"2025-01-05T12:06:29","date_gmt":"2025-01-05T11:06:29","guid":{"rendered":"https:\/\/wgphoto.pl\/t\/?p=8805"},"modified":"2025-01-05T12:06:29","modified_gmt":"2025-01-05T11:06:29","slug":"znak-a-6e","status":"publish","type":"post","link":"https:\/\/wgphoto.pl\/t\/?p=8805","title":{"rendered":"Znak A-6e"},"content":{"rendered":"\n<figure class=\"wp-block-image aligncenter size-full\"><img loading=\"lazy\" decoding=\"async\" width=\"1050\" height=\"700\" src=\"https:\/\/wgphoto.pl\/t\/wp-content\/uploads\/2025\/01\/IMGP4857.jpg\" alt=\"\" class=\"wp-image-8806\" srcset=\"https:\/\/wgphoto.pl\/t\/wp-content\/uploads\/2025\/01\/IMGP4857.jpg 1050w, https:\/\/wgphoto.pl\/t\/wp-content\/uploads\/2025\/01\/IMGP4857-300x200.jpg 300w, https:\/\/wgphoto.pl\/t\/wp-content\/uploads\/2025\/01\/IMGP4857-768x512.jpg 768w\" sizes=\"auto, (max-width: 1050px) 100vw, 1050px\" \/><\/figure>\n\n\n\n<div class=\"wp-block-group has-global-padding is-layout-constrained wp-block-group-is-layout-constrained\">\n<p>\u0141\u00f3d\u017a, ul. Cmentarna. Chyba niecz\u0119sto motorniczowie maj\u0105 okazj\u0119 ogl\u0105da\u0107 taki znak, kojarz\u0105cy si\u0119 raczej z terenami mniej zurbanizowanymi, a przynajmniej we Wroc\u0142awiu jest to niemo\u017cliwe. 2011-10-25<\/p>\n<\/div>\n","protected":false},"excerpt":{"rendered":"<p>\u0141\u00f3d\u017a, ul. Cmentarna. Chyba niecz\u0119sto motorniczowie maj\u0105 okazj\u0119 ogl\u0105da\u0107 taki znak, kojarz\u0105cy si\u0119 raczej z terenami mniej zurbanizowanymi, a przynajmniej we Wroc\u0142awiu jest to niemo\u017cliwe. 2011-10-25<\/p>\n","protected":false},"author":1,"featured_media":8806,"comment_status":"open","ping_status":"","sticky":false,"template":"","format":"standard","meta":{"footnotes":""},"categories":[77,3],"tags":[867,230,126,916,773,776,27],"class_list":["post-8805","post","type-post","status-publish","format-standard","has-post-thumbnail","hentry","category-rok-2011","category-tramwaj","tag-2011-10-25","tag-infrastruktura","tag-jesien","tag-konstal-805na","tag-lodz","tag-mpk-lodz","tag-polska"],"_links":{"self":[{"href":"https:\/\/wgphoto.pl\/t\/index.php?rest_route=\/wp\/v2\/posts\/8805","targetHints":{"allow":["GET"]}}],"collection":[{"href":"https:\/\/wgphoto.pl\/t\/index.php?rest_route=\/wp\/v2\/posts"}],"about":[{"href":"https:\/\/wgphoto.pl\/t\/index.php?rest_route=\/wp\/v2\/types\/post"}],"author":[{"embeddable":true,"href":"https:\/\/wgphoto.pl\/t\/index.php?rest_route=\/wp\/v2\/users\/1"}],"replies":[{"embeddable":true,"href":"https:\/\/wgphoto.pl\/t\/index.php?rest_route=%2Fwp%2Fv2%2Fcomments&post=8805"}],"version-history":[{"count":1,"href":"https:\/\/wgphoto.pl\/t\/index.php?rest_route=\/wp\/v2\/posts\/8805\/revisions"}],"predecessor-version":[{"id":8807,"href":"https:\/\/wgphoto.pl\/t\/index.php?rest_route=\/wp\/v2\/posts\/8805\/revisions\/8807"}],"wp:featuredmedia":[{"embeddable":true,"href":"https:\/\/wgphoto.pl\/t\/index.php?rest_route=\/wp\/v2\/media\/8806"}],"wp:attachment":[{"href":"https:\/\/wgphoto.pl\/t\/index.php?rest_route=%2Fwp%2Fv2%2Fmedia&parent=8805"}],"wp:term":[{"taxonomy":"category","embeddable":true,"href":"https:\/\/wgphoto.pl\/t\/index.php?rest_route=%2Fwp%2Fv2%2Fcategories&post=8805"},{"taxonomy":"post_tag","embeddable":true,"href":"https:\/\/wgphoto.pl\/t\/index.php?rest_route=%2Fwp%2Fv2%2Ftags&post=8805"}],"curies":[{"name":"wp","href":"https:\/\/api.w.org\/{rel}","templated":true}]}}