{"id":8811,"date":"2025-01-05T12:11:08","date_gmt":"2025-01-05T11:11:08","guid":{"rendered":"https:\/\/wgphoto.pl\/t\/?p=8811"},"modified":"2025-01-05T12:11:08","modified_gmt":"2025-01-05T11:11:08","slug":"sportowy-centrum-modlej","status":"publish","type":"post","link":"https:\/\/wgphoto.pl\/t\/?p=8811","title":{"rendered":"Sportowy centrum &#8211; M\u00f3d\u0142ej"},"content":{"rendered":"\n<figure class=\"wp-block-image aligncenter size-full\"><img loading=\"lazy\" decoding=\"async\" width=\"1300\" height=\"870\" src=\"https:\/\/wgphoto.pl\/t\/wp-content\/uploads\/2025\/01\/IMGP8454.jpg\" alt=\"\" class=\"wp-image-8813\" srcset=\"https:\/\/wgphoto.pl\/t\/wp-content\/uploads\/2025\/01\/IMGP8454.jpg 1300w, https:\/\/wgphoto.pl\/t\/wp-content\/uploads\/2025\/01\/IMGP8454-300x201.jpg 300w, https:\/\/wgphoto.pl\/t\/wp-content\/uploads\/2025\/01\/IMGP8454-768x514.jpg 768w\" sizes=\"auto, (max-width: 1300px) 100vw, 1300px\" \/><\/figure>\n\n\n\n<div class=\"wp-block-group has-global-padding is-layout-constrained wp-block-group-is-layout-constrained\">\n<p>Chociebu\u017c, Dresdener Stra\u00dfe. Z powodu prac remontowych w pobli\u017cu p\u0119tli Madlow (\u0142u\u017c. M\u00f3d\u0142ej) tr\u00f3jka w\u0142a\u015bciwa by\u0142a skr\u00f3cona do Sportzentrum (\u0142u\u017c. Sportowy centrum), sk\u0105d w dalsz\u0105 drog\u0119 mo\u017cna si\u0119 by\u0142o uda\u0107 wypo\u017cyczonym z podberli\u0144skiego Sch\u00f6neiche dwukierunkowym helmutem, kursuj\u0105cym wahad\u0142owo po lewym torze. 2010-10-20<\/p>\n<\/div>\n","protected":false},"excerpt":{"rendered":"<p>Chociebu\u017c, Dresdener Stra\u00dfe. Z powodu prac remontowych w pobli\u017cu p\u0119tli Madlow (\u0142u\u017c. M\u00f3d\u0142ej) tr\u00f3jka w\u0142a\u015bciwa by\u0142a skr\u00f3cona do Sportzentrum (\u0142u\u017c. Sportowy centrum), sk\u0105d w dalsz\u0105 drog\u0119 mo\u017cna si\u0119 by\u0142o uda\u0107 wypo\u017cyczonym z podberli\u0144skiego Sch\u00f6neiche dwukierunkowym helmutem, kursuj\u0105cym wahad\u0142owo po lewym torze. 2010-10-20<\/p>\n","protected":false},"author":1,"featured_media":8813,"comment_status":"open","ping_status":"","sticky":false,"template":"","format":"standard","meta":{"footnotes":""},"categories":[86,3],"tags":[2241,2238,249,101,23,2820],"class_list":["post-8811","post","type-post","status-publish","format-standard","has-post-thumbnail","hentry","category-rok-2010","category-tramwaj","tag-2010-10-20","tag-chociebuz","tag-goscinne-wystepy","tag-gt6","tag-niemcy","tag-srs-schoneiche"],"_links":{"self":[{"href":"https:\/\/wgphoto.pl\/t\/index.php?rest_route=\/wp\/v2\/posts\/8811","targetHints":{"allow":["GET"]}}],"collection":[{"href":"https:\/\/wgphoto.pl\/t\/index.php?rest_route=\/wp\/v2\/posts"}],"about":[{"href":"https:\/\/wgphoto.pl\/t\/index.php?rest_route=\/wp\/v2\/types\/post"}],"author":[{"embeddable":true,"href":"https:\/\/wgphoto.pl\/t\/index.php?rest_route=\/wp\/v2\/users\/1"}],"replies":[{"embeddable":true,"href":"https:\/\/wgphoto.pl\/t\/index.php?rest_route=%2Fwp%2Fv2%2Fcomments&post=8811"}],"version-history":[{"count":1,"href":"https:\/\/wgphoto.pl\/t\/index.php?rest_route=\/wp\/v2\/posts\/8811\/revisions"}],"predecessor-version":[{"id":8814,"href":"https:\/\/wgphoto.pl\/t\/index.php?rest_route=\/wp\/v2\/posts\/8811\/revisions\/8814"}],"wp:featuredmedia":[{"embeddable":true,"href":"https:\/\/wgphoto.pl\/t\/index.php?rest_route=\/wp\/v2\/media\/8813"}],"wp:attachment":[{"href":"https:\/\/wgphoto.pl\/t\/index.php?rest_route=%2Fwp%2Fv2%2Fmedia&parent=8811"}],"wp:term":[{"taxonomy":"category","embeddable":true,"href":"https:\/\/wgphoto.pl\/t\/index.php?rest_route=%2Fwp%2Fv2%2Fcategories&post=8811"},{"taxonomy":"post_tag","embeddable":true,"href":"https:\/\/wgphoto.pl\/t\/index.php?rest_route=%2Fwp%2Fv2%2Ftags&post=8811"}],"curies":[{"name":"wp","href":"https:\/\/api.w.org\/{rel}","templated":true}]}}