{"id":8818,"date":"2025-01-05T12:14:01","date_gmt":"2025-01-05T11:14:01","guid":{"rendered":"https:\/\/wgphoto.pl\/t\/?p=8818"},"modified":"2025-01-05T12:14:01","modified_gmt":"2025-01-05T11:14:01","slug":"wodowanie","status":"publish","type":"post","link":"https:\/\/wgphoto.pl\/t\/?p=8818","title":{"rendered":"Wodowanie"},"content":{"rendered":"\n<figure class=\"wp-block-image aligncenter size-full\"><img loading=\"lazy\" decoding=\"async\" width=\"990\" height=\"660\" src=\"https:\/\/wgphoto.pl\/t\/wp-content\/uploads\/2025\/01\/0406-12.jpg\" alt=\"\" class=\"wp-image-8819\" srcset=\"https:\/\/wgphoto.pl\/t\/wp-content\/uploads\/2025\/01\/0406-12.jpg 990w, https:\/\/wgphoto.pl\/t\/wp-content\/uploads\/2025\/01\/0406-12-300x200.jpg 300w, https:\/\/wgphoto.pl\/t\/wp-content\/uploads\/2025\/01\/0406-12-768x512.jpg 768w\" sizes=\"auto, (max-width: 990px) 100vw, 990px\" \/><\/figure>\n\n\n\n<div class=\"wp-block-group has-global-padding is-layout-constrained wp-block-group-is-layout-constrained\">\n<p>Czechos\u0142owacki tendrzak z 1922 roku pije polsk\u0105 wod\u0119, dostarczon\u0105 na peron w Kamiennej G\u00f3rze przez stra\u017c po\u017carn\u0105. 2004-05-01<\/p>\n<\/div>\n","protected":false},"excerpt":{"rendered":"<p>Czechos\u0142owacki tendrzak z 1922 roku pije polsk\u0105 wod\u0119, dostarczon\u0105 na peron w Kamiennej G\u00f3rze przez stra\u017c po\u017carn\u0105. 2004-05-01<\/p>\n","protected":false},"author":1,"featured_media":8819,"comment_status":"open","ping_status":"","sticky":false,"template":"","format":"standard","meta":{"footnotes":""},"categories":[62,2,61],"tags":[625,2822,1403,249,629,358,27,139,627,90],"class_list":["post-8818","post","type-post","status-publish","format-standard","has-post-thumbnail","hentry","category-analog","category-kolej","category-rok-2004","tag-2004-05-01","tag-2822","tag-csd","tag-goscinne-wystepy","tag-kamienna-gora","tag-parowoz","tag-polska","tag-retro","tag-tab-pl247","tag-wieczorem"],"_links":{"self":[{"href":"https:\/\/wgphoto.pl\/t\/index.php?rest_route=\/wp\/v2\/posts\/8818","targetHints":{"allow":["GET"]}}],"collection":[{"href":"https:\/\/wgphoto.pl\/t\/index.php?rest_route=\/wp\/v2\/posts"}],"about":[{"href":"https:\/\/wgphoto.pl\/t\/index.php?rest_route=\/wp\/v2\/types\/post"}],"author":[{"embeddable":true,"href":"https:\/\/wgphoto.pl\/t\/index.php?rest_route=\/wp\/v2\/users\/1"}],"replies":[{"embeddable":true,"href":"https:\/\/wgphoto.pl\/t\/index.php?rest_route=%2Fwp%2Fv2%2Fcomments&post=8818"}],"version-history":[{"count":1,"href":"https:\/\/wgphoto.pl\/t\/index.php?rest_route=\/wp\/v2\/posts\/8818\/revisions"}],"predecessor-version":[{"id":8820,"href":"https:\/\/wgphoto.pl\/t\/index.php?rest_route=\/wp\/v2\/posts\/8818\/revisions\/8820"}],"wp:featuredmedia":[{"embeddable":true,"href":"https:\/\/wgphoto.pl\/t\/index.php?rest_route=\/wp\/v2\/media\/8819"}],"wp:attachment":[{"href":"https:\/\/wgphoto.pl\/t\/index.php?rest_route=%2Fwp%2Fv2%2Fmedia&parent=8818"}],"wp:term":[{"taxonomy":"category","embeddable":true,"href":"https:\/\/wgphoto.pl\/t\/index.php?rest_route=%2Fwp%2Fv2%2Fcategories&post=8818"},{"taxonomy":"post_tag","embeddable":true,"href":"https:\/\/wgphoto.pl\/t\/index.php?rest_route=%2Fwp%2Fv2%2Ftags&post=8818"}],"curies":[{"name":"wp","href":"https:\/\/api.w.org\/{rel}","templated":true}]}}