{"id":8851,"date":"2025-01-06T13:19:18","date_gmt":"2025-01-06T12:19:18","guid":{"rendered":"https:\/\/wgphoto.pl\/t\/?p=8851"},"modified":"2025-01-06T13:19:18","modified_gmt":"2025-01-06T12:19:18","slug":"mrozny-poranek","status":"publish","type":"post","link":"https:\/\/wgphoto.pl\/t\/?p=8851","title":{"rendered":"Mro\u017any poranek"},"content":{"rendered":"\n<figure class=\"wp-block-image aligncenter size-full\"><img loading=\"lazy\" decoding=\"async\" width=\"1400\" height=\"886\" src=\"https:\/\/wgphoto.pl\/t\/wp-content\/uploads\/2025\/01\/2000o_2001a-31_rsn.jpg\" alt=\"\" class=\"wp-image-8852\" srcset=\"https:\/\/wgphoto.pl\/t\/wp-content\/uploads\/2025\/01\/2000o_2001a-31_rsn.jpg 1400w, https:\/\/wgphoto.pl\/t\/wp-content\/uploads\/2025\/01\/2000o_2001a-31_rsn-300x190.jpg 300w, https:\/\/wgphoto.pl\/t\/wp-content\/uploads\/2025\/01\/2000o_2001a-31_rsn-768x486.jpg 768w\" sizes=\"auto, (max-width: 1400px) 100vw, 1400px\" \/><\/figure>\n\n\n\n<div class=\"wp-block-group has-global-padding is-layout-constrained wp-block-group-is-layout-constrained\">\n<p>ET21-651 ze sk\u0142adem w kierunku Wa\u0142brzycha przed odjazdem z Jaworzyny \u015al\u0105skiej w mro\u017any poranek 20.01.2001.<\/p>\n<\/div>\n","protected":false},"excerpt":{"rendered":"<p>ET21-651 ze sk\u0142adem w kierunku Wa\u0142brzycha przed odjazdem z Jaworzyny \u015al\u0105skiej w mro\u017any poranek 20.01.2001.<\/p>\n","protected":false},"author":1,"featured_media":8852,"comment_status":"open","ping_status":"","sticky":false,"template":"","format":"standard","meta":{"footnotes":""},"categories":[62,2,940],"tags":[2824,198,366,63,27,176,200],"class_list":["post-8851","post","type-post","status-publish","format-standard","has-post-thumbnail","hentry","category-analog","category-kolej","category-rok-2001","tag-2001-01-20","tag-et21","tag-jaworzyna-slaska","tag-pkp","tag-polska","tag-rano","tag-tab-pl240"],"_links":{"self":[{"href":"https:\/\/wgphoto.pl\/t\/index.php?rest_route=\/wp\/v2\/posts\/8851","targetHints":{"allow":["GET"]}}],"collection":[{"href":"https:\/\/wgphoto.pl\/t\/index.php?rest_route=\/wp\/v2\/posts"}],"about":[{"href":"https:\/\/wgphoto.pl\/t\/index.php?rest_route=\/wp\/v2\/types\/post"}],"author":[{"embeddable":true,"href":"https:\/\/wgphoto.pl\/t\/index.php?rest_route=\/wp\/v2\/users\/1"}],"replies":[{"embeddable":true,"href":"https:\/\/wgphoto.pl\/t\/index.php?rest_route=%2Fwp%2Fv2%2Fcomments&post=8851"}],"version-history":[{"count":1,"href":"https:\/\/wgphoto.pl\/t\/index.php?rest_route=\/wp\/v2\/posts\/8851\/revisions"}],"predecessor-version":[{"id":8853,"href":"https:\/\/wgphoto.pl\/t\/index.php?rest_route=\/wp\/v2\/posts\/8851\/revisions\/8853"}],"wp:featuredmedia":[{"embeddable":true,"href":"https:\/\/wgphoto.pl\/t\/index.php?rest_route=\/wp\/v2\/media\/8852"}],"wp:attachment":[{"href":"https:\/\/wgphoto.pl\/t\/index.php?rest_route=%2Fwp%2Fv2%2Fmedia&parent=8851"}],"wp:term":[{"taxonomy":"category","embeddable":true,"href":"https:\/\/wgphoto.pl\/t\/index.php?rest_route=%2Fwp%2Fv2%2Fcategories&post=8851"},{"taxonomy":"post_tag","embeddable":true,"href":"https:\/\/wgphoto.pl\/t\/index.php?rest_route=%2Fwp%2Fv2%2Ftags&post=8851"}],"curies":[{"name":"wp","href":"https:\/\/api.w.org\/{rel}","templated":true}]}}