{"id":8854,"date":"2025-01-06T13:20:20","date_gmt":"2025-01-06T12:20:20","guid":{"rendered":"https:\/\/wgphoto.pl\/t\/?p=8854"},"modified":"2025-01-06T13:20:20","modified_gmt":"2025-01-06T12:20:20","slug":"trzej-krolowie-3","status":"publish","type":"post","link":"https:\/\/wgphoto.pl\/t\/?p=8854","title":{"rendered":"Trzej kr\u00f3lowie"},"content":{"rendered":"\n<figure class=\"wp-block-image aligncenter size-full\"><img loading=\"lazy\" decoding=\"async\" width=\"1400\" height=\"927\" src=\"https:\/\/wgphoto.pl\/t\/wp-content\/uploads\/2025\/01\/IMGP9563.jpg\" alt=\"\" class=\"wp-image-8855\" srcset=\"https:\/\/wgphoto.pl\/t\/wp-content\/uploads\/2025\/01\/IMGP9563.jpg 1400w, https:\/\/wgphoto.pl\/t\/wp-content\/uploads\/2025\/01\/IMGP9563-300x199.jpg 300w, https:\/\/wgphoto.pl\/t\/wp-content\/uploads\/2025\/01\/IMGP9563-768x509.jpg 768w\" sizes=\"auto, (max-width: 1400px) 100vw, 1400px\" \/><\/figure>\n\n\n\n<div class=\"wp-block-group has-global-padding is-layout-constrained wp-block-group-is-layout-constrained\">\n<p>Trzej kr\u00f3lowie austriackich szlak\u00f3w (1144.270+1144+1216, pierwsza i ostatnia pod pr\u0105dem) ze sk\u0142adem towarowym pokonuj\u0105 Kalte Rinne Viadukt na szlaku Semmering \u2013 Breitenstein pod wiecz\u00f3r 08.09.2024.<\/p>\n<\/div>\n\n\n\n<p><\/p>\n","protected":false},"excerpt":{"rendered":"<p>Trzej kr\u00f3lowie austriackich szlak\u00f3w (1144.270+1144+1216, pierwsza i ostatnia pod pr\u0105dem) ze sk\u0142adem towarowym pokonuj\u0105 Kalte Rinne Viadukt na szlaku Semmering \u2013 Breitenstein pod wiecz\u00f3r 08.09.2024.<\/p>\n","protected":false},"author":1,"featured_media":8855,"comment_status":"open","ping_status":"","sticky":false,"template":"","format":"standard","meta":{"footnotes":""},"categories":[2,5],"tags":[2825,2826,9,549,45,11,12,550,16],"class_list":["post-8854","post","type-post","status-publish","format-standard","has-post-thumbnail","hentry","category-kolej","category-2024r","tag-2825","tag-2024-09-08","tag-austria","tag-breitenstein","tag-most","tag-obb","tag-semmeringbahn","tag-wakacje-2024","tag-wolfsbergkogel"],"_links":{"self":[{"href":"https:\/\/wgphoto.pl\/t\/index.php?rest_route=\/wp\/v2\/posts\/8854","targetHints":{"allow":["GET"]}}],"collection":[{"href":"https:\/\/wgphoto.pl\/t\/index.php?rest_route=\/wp\/v2\/posts"}],"about":[{"href":"https:\/\/wgphoto.pl\/t\/index.php?rest_route=\/wp\/v2\/types\/post"}],"author":[{"embeddable":true,"href":"https:\/\/wgphoto.pl\/t\/index.php?rest_route=\/wp\/v2\/users\/1"}],"replies":[{"embeddable":true,"href":"https:\/\/wgphoto.pl\/t\/index.php?rest_route=%2Fwp%2Fv2%2Fcomments&post=8854"}],"version-history":[{"count":1,"href":"https:\/\/wgphoto.pl\/t\/index.php?rest_route=\/wp\/v2\/posts\/8854\/revisions"}],"predecessor-version":[{"id":8856,"href":"https:\/\/wgphoto.pl\/t\/index.php?rest_route=\/wp\/v2\/posts\/8854\/revisions\/8856"}],"wp:featuredmedia":[{"embeddable":true,"href":"https:\/\/wgphoto.pl\/t\/index.php?rest_route=\/wp\/v2\/media\/8855"}],"wp:attachment":[{"href":"https:\/\/wgphoto.pl\/t\/index.php?rest_route=%2Fwp%2Fv2%2Fmedia&parent=8854"}],"wp:term":[{"taxonomy":"category","embeddable":true,"href":"https:\/\/wgphoto.pl\/t\/index.php?rest_route=%2Fwp%2Fv2%2Fcategories&post=8854"},{"taxonomy":"post_tag","embeddable":true,"href":"https:\/\/wgphoto.pl\/t\/index.php?rest_route=%2Fwp%2Fv2%2Ftags&post=8854"}],"curies":[{"name":"wp","href":"https:\/\/api.w.org\/{rel}","templated":true}]}}