{"id":8863,"date":"2025-01-06T18:00:21","date_gmt":"2025-01-06T17:00:21","guid":{"rendered":"https:\/\/wgphoto.pl\/t\/?p=8863"},"modified":"2025-01-06T18:00:21","modified_gmt":"2025-01-06T17:00:21","slug":"kardiolog","status":"publish","type":"post","link":"https:\/\/wgphoto.pl\/t\/?p=8863","title":{"rendered":"Kardiolog"},"content":{"rendered":"\n<figure class=\"wp-block-image aligncenter size-full\"><img loading=\"lazy\" decoding=\"async\" width=\"1024\" height=\"683\" src=\"https:\/\/wgphoto.pl\/t\/wp-content\/uploads\/2025\/01\/IMGP3863.jpg\" alt=\"\" class=\"wp-image-8864\" srcset=\"https:\/\/wgphoto.pl\/t\/wp-content\/uploads\/2025\/01\/IMGP3863.jpg 1024w, https:\/\/wgphoto.pl\/t\/wp-content\/uploads\/2025\/01\/IMGP3863-300x200.jpg 300w, https:\/\/wgphoto.pl\/t\/wp-content\/uploads\/2025\/01\/IMGP3863-768x512.jpg 768w\" sizes=\"auto, (max-width: 1024px) 100vw, 1024px\" \/><\/figure>\n\n\n\n<div class=\"wp-block-group has-global-padding is-layout-constrained wp-block-group-is-layout-constrained\">\n<p>Tallinn, August Weizenbergi. KT4D 139 (ex Gera, co mo\u017cna \u0142atwo rozpozna\u0107 po charakterystycznych dla tego niemieckiego miasta przednich reflektorach) za chwil\u0119 dotrze do ko\u0144cowego przystanku Kadriorg, kt\u00f3ry na u\u017cytek \u0142atwiejszej wymowy ochrzci\u0142em mianem kardiologa. 2013-05-28<\/p>\n<\/div>\n","protected":false},"excerpt":{"rendered":"<p>Tallinn, August Weizenbergi. KT4D 139 (ex Gera, co mo\u017cna \u0142atwo rozpozna\u0107 po charakterystycznych dla tego niemieckiego miasta przednich reflektorach) za chwil\u0119 dotrze do ko\u0144cowego przystanku Kadriorg, kt\u00f3ry na u\u017cytek \u0142atwiejszej wymowy ochrzci\u0142em mianem kardiologa. 2013-05-28<\/p>\n","protected":false},"author":1,"featured_media":8864,"comment_status":"open","ping_status":"","sticky":false,"template":"","format":"standard","meta":{"footnotes":""},"categories":[55,3],"tags":[1134,34,612,1131,1132,33,1133],"class_list":["post-8863","post","type-post","status-publish","format-standard","has-post-thumbnail","hentry","category-rok-2013","category-tramwaj","tag-2013-05-28","tag-architektura","tag-druga-majowka-2013","tag-estonia","tag-tallinn","tag-tatra-kt4","tag-tlt-tallinn"],"_links":{"self":[{"href":"https:\/\/wgphoto.pl\/t\/index.php?rest_route=\/wp\/v2\/posts\/8863","targetHints":{"allow":["GET"]}}],"collection":[{"href":"https:\/\/wgphoto.pl\/t\/index.php?rest_route=\/wp\/v2\/posts"}],"about":[{"href":"https:\/\/wgphoto.pl\/t\/index.php?rest_route=\/wp\/v2\/types\/post"}],"author":[{"embeddable":true,"href":"https:\/\/wgphoto.pl\/t\/index.php?rest_route=\/wp\/v2\/users\/1"}],"replies":[{"embeddable":true,"href":"https:\/\/wgphoto.pl\/t\/index.php?rest_route=%2Fwp%2Fv2%2Fcomments&post=8863"}],"version-history":[{"count":1,"href":"https:\/\/wgphoto.pl\/t\/index.php?rest_route=\/wp\/v2\/posts\/8863\/revisions"}],"predecessor-version":[{"id":8865,"href":"https:\/\/wgphoto.pl\/t\/index.php?rest_route=\/wp\/v2\/posts\/8863\/revisions\/8865"}],"wp:featuredmedia":[{"embeddable":true,"href":"https:\/\/wgphoto.pl\/t\/index.php?rest_route=\/wp\/v2\/media\/8864"}],"wp:attachment":[{"href":"https:\/\/wgphoto.pl\/t\/index.php?rest_route=%2Fwp%2Fv2%2Fmedia&parent=8863"}],"wp:term":[{"taxonomy":"category","embeddable":true,"href":"https:\/\/wgphoto.pl\/t\/index.php?rest_route=%2Fwp%2Fv2%2Fcategories&post=8863"},{"taxonomy":"post_tag","embeddable":true,"href":"https:\/\/wgphoto.pl\/t\/index.php?rest_route=%2Fwp%2Fv2%2Ftags&post=8863"}],"curies":[{"name":"wp","href":"https:\/\/api.w.org\/{rel}","templated":true}]}}