{"id":8866,"date":"2025-01-06T18:01:18","date_gmt":"2025-01-06T17:01:18","guid":{"rendered":"https:\/\/wgphoto.pl\/t\/?p=8866"},"modified":"2025-03-13T19:05:58","modified_gmt":"2025-03-13T18:05:58","slug":"powiew-skandynawii","status":"publish","type":"post","link":"https:\/\/wgphoto.pl\/t\/?p=8866","title":{"rendered":"Powiew Skandynawii"},"content":{"rendered":"\n<figure class=\"wp-block-image aligncenter size-full\"><img loading=\"lazy\" decoding=\"async\" width=\"1400\" height=\"983\" src=\"https:\/\/wgphoto.pl\/t\/wp-content\/uploads\/2025\/01\/IMGP3854-2.jpg\" alt=\"\" class=\"wp-image-14746\" srcset=\"https:\/\/wgphoto.pl\/t\/wp-content\/uploads\/2025\/01\/IMGP3854-2.jpg 1400w, https:\/\/wgphoto.pl\/t\/wp-content\/uploads\/2025\/01\/IMGP3854-2-300x211.jpg 300w, https:\/\/wgphoto.pl\/t\/wp-content\/uploads\/2025\/01\/IMGP3854-2-768x539.jpg 768w\" sizes=\"auto, (max-width: 1400px) 100vw, 1400px\" \/><\/figure>\n\n\n\n<div class=\"wp-block-group has-global-padding is-layout-constrained wp-block-group-is-layout-constrained\">\n<p>Tallinn, August Weizenbergi. W rejonie wschodniego kra\u0144ca tutejszej sieci tramwajowej stoi par\u0119 bardzo sympatycznych &#8222;drewnianych kamienic&#8221;, kt\u00f3rych barwy oraz bry\u0142a kojarz\u0105 mi si\u0119 z zabudow\u0105 skandynawsk\u0105. Nie jest to zreszt\u0105 jedyny obrazek zaobserwowany w Estonii, przywo\u0142uj\u0105cy na my\u015bl ten p\u00f3\u0142nocnoeuropejski p\u00f3\u0142wysep &#8211; czasami bowiem \u0142atwiej dostrzec w tym kraju Skandynawi\u0119 ni\u017c radzieck\u0105 przesz\u0142o\u015b\u0107. Co za\u015b si\u0119 zdj\u0119cia tyczy, trudno tu cokolwiek zrobi\u0107 z powodu drzew oraz s\u0142o\u0144ca \u015bwiec\u0105cego przez ca\u0142y dzie\u0144 z niew\u0142a\u015bciwej strony (fronty &#8222;kamienic&#8221; usytuowano w kierunku p\u00f3\u0142nocnym), dlatego te\u017c wybra\u0142em si\u0119 tam pod wiecz\u00f3r oczekuj\u0105c przyt\u0142umionego \u015bwiat\u0142a, jakie panuje na chwil\u0119 przed zmierzchem. Przeoczy\u0142em jednak fakt, \u017ce przed wyjazdem (o godz. 22) zmierzchu si\u0119 nie doczekam. 2013-05-28<\/p>\n<\/div>\n","protected":false},"excerpt":{"rendered":"<p>Tallinn, August Weizenbergi. W rejonie wschodniego kra\u0144ca tutejszej sieci tramwajowej stoi par\u0119 bardzo sympatycznych &#8222;drewnianych kamienic&#8221;, kt\u00f3rych barwy oraz bry\u0142a kojarz\u0105 mi si\u0119 z zabudow\u0105 skandynawsk\u0105. Nie jest to zreszt\u0105 jedyny obrazek zaobserwowany w Estonii, przywo\u0142uj\u0105cy na my\u015bl ten p\u00f3\u0142nocnoeuropejski p\u00f3\u0142wysep &#8211; czasami bowiem \u0142atwiej dostrzec w tym kraju Skandynawi\u0119 ni\u017c radzieck\u0105 przesz\u0142o\u015b\u0107. Co za\u015b [&hellip;]<\/p>\n","protected":false},"author":1,"featured_media":8867,"comment_status":"open","ping_status":"","sticky":false,"template":"","format":"standard","meta":{"footnotes":""},"categories":[55,3],"tags":[1134,34,612,1131,1132,33,1133],"class_list":["post-8866","post","type-post","status-publish","format-standard","has-post-thumbnail","hentry","category-rok-2013","category-tramwaj","tag-2013-05-28","tag-architektura","tag-druga-majowka-2013","tag-estonia","tag-tallinn","tag-tatra-kt4","tag-tlt-tallinn"],"_links":{"self":[{"href":"https:\/\/wgphoto.pl\/t\/index.php?rest_route=\/wp\/v2\/posts\/8866","targetHints":{"allow":["GET"]}}],"collection":[{"href":"https:\/\/wgphoto.pl\/t\/index.php?rest_route=\/wp\/v2\/posts"}],"about":[{"href":"https:\/\/wgphoto.pl\/t\/index.php?rest_route=\/wp\/v2\/types\/post"}],"author":[{"embeddable":true,"href":"https:\/\/wgphoto.pl\/t\/index.php?rest_route=\/wp\/v2\/users\/1"}],"replies":[{"embeddable":true,"href":"https:\/\/wgphoto.pl\/t\/index.php?rest_route=%2Fwp%2Fv2%2Fcomments&post=8866"}],"version-history":[{"count":3,"href":"https:\/\/wgphoto.pl\/t\/index.php?rest_route=\/wp\/v2\/posts\/8866\/revisions"}],"predecessor-version":[{"id":14748,"href":"https:\/\/wgphoto.pl\/t\/index.php?rest_route=\/wp\/v2\/posts\/8866\/revisions\/14748"}],"wp:featuredmedia":[{"embeddable":true,"href":"https:\/\/wgphoto.pl\/t\/index.php?rest_route=\/wp\/v2\/media\/8867"}],"wp:attachment":[{"href":"https:\/\/wgphoto.pl\/t\/index.php?rest_route=%2Fwp%2Fv2%2Fmedia&parent=8866"}],"wp:term":[{"taxonomy":"category","embeddable":true,"href":"https:\/\/wgphoto.pl\/t\/index.php?rest_route=%2Fwp%2Fv2%2Fcategories&post=8866"},{"taxonomy":"post_tag","embeddable":true,"href":"https:\/\/wgphoto.pl\/t\/index.php?rest_route=%2Fwp%2Fv2%2Ftags&post=8866"}],"curies":[{"name":"wp","href":"https:\/\/api.w.org\/{rel}","templated":true}]}}