{"id":8872,"date":"2025-01-06T18:03:26","date_gmt":"2025-01-06T17:03:26","guid":{"rendered":"https:\/\/wgphoto.pl\/t\/?p=8872"},"modified":"2025-01-06T18:03:26","modified_gmt":"2025-01-06T17:03:26","slug":"telliskivi","status":"publish","type":"post","link":"https:\/\/wgphoto.pl\/t\/?p=8872","title":{"rendered":"Telliskivi"},"content":{"rendered":"\n<figure class=\"wp-block-image aligncenter size-full\"><img loading=\"lazy\" decoding=\"async\" width=\"1024\" height=\"683\" src=\"https:\/\/wgphoto.pl\/t\/wp-content\/uploads\/2025\/01\/IMGP3699.jpg\" alt=\"\" class=\"wp-image-8873\" srcset=\"https:\/\/wgphoto.pl\/t\/wp-content\/uploads\/2025\/01\/IMGP3699.jpg 1024w, https:\/\/wgphoto.pl\/t\/wp-content\/uploads\/2025\/01\/IMGP3699-300x200.jpg 300w, https:\/\/wgphoto.pl\/t\/wp-content\/uploads\/2025\/01\/IMGP3699-768x512.jpg 768w\" sizes=\"auto, (max-width: 1024px) 100vw, 1024px\" \/><\/figure>\n\n\n\n<div class=\"wp-block-group has-global-padding is-layout-constrained wp-block-group-is-layout-constrained\">\n<p>Tallinn, Kopli, przystanek jak w tytule. \u017b\u00f3\u0142ta tatra, s\u0142up trakcyjny o kszta\u0142tach charakterystycznych dla tutejszej sieci tramwajowej oraz drewniany dom. Takie sobie foto &#8222;na wsiadanego&#8221;. 2013-05-28<\/p>\n<\/div>\n","protected":false},"excerpt":{"rendered":"<p>Tallinn, Kopli, przystanek jak w tytule. \u017b\u00f3\u0142ta tatra, s\u0142up trakcyjny o kszta\u0142tach charakterystycznych dla tutejszej sieci tramwajowej oraz drewniany dom. Takie sobie foto &#8222;na wsiadanego&#8221;. 2013-05-28<\/p>\n","protected":false},"author":1,"featured_media":8873,"comment_status":"open","ping_status":"","sticky":false,"template":"","format":"standard","meta":{"footnotes":""},"categories":[55,3],"tags":[1134,34,612,1131,1186,1132,33,1133],"class_list":["post-8872","post","type-post","status-publish","format-standard","has-post-thumbnail","hentry","category-rok-2013","category-tramwaj","tag-2013-05-28","tag-architektura","tag-druga-majowka-2013","tag-estonia","tag-na-wsiadanego","tag-tallinn","tag-tatra-kt4","tag-tlt-tallinn"],"_links":{"self":[{"href":"https:\/\/wgphoto.pl\/t\/index.php?rest_route=\/wp\/v2\/posts\/8872","targetHints":{"allow":["GET"]}}],"collection":[{"href":"https:\/\/wgphoto.pl\/t\/index.php?rest_route=\/wp\/v2\/posts"}],"about":[{"href":"https:\/\/wgphoto.pl\/t\/index.php?rest_route=\/wp\/v2\/types\/post"}],"author":[{"embeddable":true,"href":"https:\/\/wgphoto.pl\/t\/index.php?rest_route=\/wp\/v2\/users\/1"}],"replies":[{"embeddable":true,"href":"https:\/\/wgphoto.pl\/t\/index.php?rest_route=%2Fwp%2Fv2%2Fcomments&post=8872"}],"version-history":[{"count":1,"href":"https:\/\/wgphoto.pl\/t\/index.php?rest_route=\/wp\/v2\/posts\/8872\/revisions"}],"predecessor-version":[{"id":8874,"href":"https:\/\/wgphoto.pl\/t\/index.php?rest_route=\/wp\/v2\/posts\/8872\/revisions\/8874"}],"wp:featuredmedia":[{"embeddable":true,"href":"https:\/\/wgphoto.pl\/t\/index.php?rest_route=\/wp\/v2\/media\/8873"}],"wp:attachment":[{"href":"https:\/\/wgphoto.pl\/t\/index.php?rest_route=%2Fwp%2Fv2%2Fmedia&parent=8872"}],"wp:term":[{"taxonomy":"category","embeddable":true,"href":"https:\/\/wgphoto.pl\/t\/index.php?rest_route=%2Fwp%2Fv2%2Fcategories&post=8872"},{"taxonomy":"post_tag","embeddable":true,"href":"https:\/\/wgphoto.pl\/t\/index.php?rest_route=%2Fwp%2Fv2%2Ftags&post=8872"}],"curies":[{"name":"wp","href":"https:\/\/api.w.org\/{rel}","templated":true}]}}