{"id":8881,"date":"2025-01-06T18:06:32","date_gmt":"2025-01-06T17:06:32","guid":{"rendered":"https:\/\/wgphoto.pl\/t\/?p=8881"},"modified":"2025-01-06T18:06:32","modified_gmt":"2025-01-06T17:06:32","slug":"ryski-olbin","status":"publish","type":"post","link":"https:\/\/wgphoto.pl\/t\/?p=8881","title":{"rendered":"Ryski O\u0142bin"},"content":{"rendered":"\n<figure class=\"wp-block-image aligncenter size-full\"><img loading=\"lazy\" decoding=\"async\" width=\"1024\" height=\"683\" src=\"https:\/\/wgphoto.pl\/t\/wp-content\/uploads\/2025\/01\/IMGP4173.jpg\" alt=\"\" class=\"wp-image-8882\" srcset=\"https:\/\/wgphoto.pl\/t\/wp-content\/uploads\/2025\/01\/IMGP4173.jpg 1024w, https:\/\/wgphoto.pl\/t\/wp-content\/uploads\/2025\/01\/IMGP4173-300x200.jpg 300w, https:\/\/wgphoto.pl\/t\/wp-content\/uploads\/2025\/01\/IMGP4173-768x512.jpg 768w\" sizes=\"auto, (max-width: 1024px) 100vw, 1024px\" \/><\/figure>\n\n\n\n<div class=\"wp-block-group has-global-padding is-layout-constrained wp-block-group-is-layout-constrained\">\n<p>Ryga, skrzy\u017cowanie Maz\u0101 Nomet\u0146u iela z Margrietas iela. Kr\u0119c\u0105c si\u0119 po tej okolicy czu\u0142em si\u0119 troch\u0119 jak na wroc\u0142awskim Nadodrzu lub O\u0142binie &#8211; nie tyle z powodu zabudowy, co wyczuwalnego w powietrzu tego charakterystycznego niepokoju, typowego dla robotniczych dzielnic pe\u0142nych podejrzanych typ\u00f3w okupuj\u0105cych bramy oraz \u0142awki na podw\u00f3rkach &#8211; najwyra\u017aniej jednak aparat fotograficzny nie robi wra\u017cenia na tubylcach, nikt bowiem nawet nie spojrza\u0142 w moj\u0105 stron\u0119. To tak w ramach mojego zdania o bezpiecze\u0144stwie w niebezpiecznej pono\u0107 stolicy \u0141otwy. 2013-05-30<\/p>\n<\/div>\n","protected":false},"excerpt":{"rendered":"<p>Ryga, skrzy\u017cowanie Maz\u0101 Nomet\u0146u iela z Margrietas iela. Kr\u0119c\u0105c si\u0119 po tej okolicy czu\u0142em si\u0119 troch\u0119 jak na wroc\u0142awskim Nadodrzu lub O\u0142binie &#8211; nie tyle z powodu zabudowy, co wyczuwalnego w powietrzu tego charakterystycznego niepokoju, typowego dla robotniczych dzielnic pe\u0142nych podejrzanych typ\u00f3w okupuj\u0105cych bramy oraz \u0142awki na podw\u00f3rkach &#8211; najwyra\u017aniej jednak aparat fotograficzny nie robi [&hellip;]<\/p>\n","protected":false},"author":1,"featured_media":8882,"comment_status":"open","ping_status":"","sticky":false,"template":"","format":"standard","meta":{"footnotes":""},"categories":[55,3],"tags":[60,34,612,56,151,613,57,841],"class_list":["post-8881","post","type-post","status-publish","format-standard","has-post-thumbnail","hentry","category-rok-2013","category-tramwaj","tag-2013-05-30","tag-architektura","tag-druga-majowka-2013","tag-lotwa","tag-ludzie","tag-rs-riga","tag-ryga","tag-tatra-t6"],"_links":{"self":[{"href":"https:\/\/wgphoto.pl\/t\/index.php?rest_route=\/wp\/v2\/posts\/8881","targetHints":{"allow":["GET"]}}],"collection":[{"href":"https:\/\/wgphoto.pl\/t\/index.php?rest_route=\/wp\/v2\/posts"}],"about":[{"href":"https:\/\/wgphoto.pl\/t\/index.php?rest_route=\/wp\/v2\/types\/post"}],"author":[{"embeddable":true,"href":"https:\/\/wgphoto.pl\/t\/index.php?rest_route=\/wp\/v2\/users\/1"}],"replies":[{"embeddable":true,"href":"https:\/\/wgphoto.pl\/t\/index.php?rest_route=%2Fwp%2Fv2%2Fcomments&post=8881"}],"version-history":[{"count":1,"href":"https:\/\/wgphoto.pl\/t\/index.php?rest_route=\/wp\/v2\/posts\/8881\/revisions"}],"predecessor-version":[{"id":8883,"href":"https:\/\/wgphoto.pl\/t\/index.php?rest_route=\/wp\/v2\/posts\/8881\/revisions\/8883"}],"wp:featuredmedia":[{"embeddable":true,"href":"https:\/\/wgphoto.pl\/t\/index.php?rest_route=\/wp\/v2\/media\/8882"}],"wp:attachment":[{"href":"https:\/\/wgphoto.pl\/t\/index.php?rest_route=%2Fwp%2Fv2%2Fmedia&parent=8881"}],"wp:term":[{"taxonomy":"category","embeddable":true,"href":"https:\/\/wgphoto.pl\/t\/index.php?rest_route=%2Fwp%2Fv2%2Fcategories&post=8881"},{"taxonomy":"post_tag","embeddable":true,"href":"https:\/\/wgphoto.pl\/t\/index.php?rest_route=%2Fwp%2Fv2%2Ftags&post=8881"}],"curies":[{"name":"wp","href":"https:\/\/api.w.org\/{rel}","templated":true}]}}