{"id":8884,"date":"2025-01-06T18:07:39","date_gmt":"2025-01-06T17:07:39","guid":{"rendered":"https:\/\/wgphoto.pl\/t\/?p=8884"},"modified":"2025-01-06T18:07:39","modified_gmt":"2025-01-06T17:07:39","slug":"niemiecki-semafor-na-czeskim-wjezdzie-z-polski","status":"publish","type":"post","link":"https:\/\/wgphoto.pl\/t\/?p=8884","title":{"rendered":"Niemiecki semafor na czeskim wje\u017adzie z Polski"},"content":{"rendered":"\n<figure class=\"wp-block-image aligncenter size-full\"><img loading=\"lazy\" decoding=\"async\" width=\"1024\" height=\"683\" src=\"https:\/\/wgphoto.pl\/t\/wp-content\/uploads\/2025\/01\/IMGP9931.jpg\" alt=\"\" class=\"wp-image-8885\" srcset=\"https:\/\/wgphoto.pl\/t\/wp-content\/uploads\/2025\/01\/IMGP9931.jpg 1024w, https:\/\/wgphoto.pl\/t\/wp-content\/uploads\/2025\/01\/IMGP9931-300x200.jpg 300w, https:\/\/wgphoto.pl\/t\/wp-content\/uploads\/2025\/01\/IMGP9931-768x512.jpg 768w\" sizes=\"auto, (max-width: 1024px) 100vw, 1024px\" \/><\/figure>\n\n\n\n<div class=\"wp-block-group has-global-padding is-layout-constrained wp-block-group-is-layout-constrained\">\n<p>Rychlik 884 relacji Ostrava-Svinov &#8211; Jesen\u00edk opuszcza Jind\u0159ichov ve Slezsku mijaj\u0105c jeden z ostatnich semafor\u00f3w tego typu w Republice Czeskiej (pozosta\u0142e semafory na tej stacji by\u0142y typowej czeskiej konstrukcji). Za niespe\u0142na 4 kilometry sk\u0142ad minie granic\u0119 pa\u0144stwa, po czym kolejne 17 kilometr\u00f3w pokona tempem spacerowym po torach zarz\u0105dzanych przez PKP-PLK. 19.09.2009<\/p>\n<\/div>\n","protected":false},"excerpt":{"rendered":"<p>Rychlik 884 relacji Ostrava-Svinov &#8211; Jesen\u00edk opuszcza Jind\u0159ichov ve Slezsku mijaj\u0105c jeden z ostatnich semafor\u00f3w tego typu w Republice Czeskiej (pozosta\u0142e semafory na tej stacji by\u0142y typowej czeskiej konstrukcji). Za niespe\u0142na 4 kilometry sk\u0142ad minie granic\u0119 pa\u0144stwa, po czym kolejne 17 kilometr\u00f3w pokona tempem spacerowym po torach zarz\u0105dzanych przez PKP-PLK. 19.09.2009<\/p>\n","protected":false},"author":1,"featured_media":8885,"comment_status":"open","ping_status":"","sticky":false,"template":"","format":"standard","meta":{"footnotes":""},"categories":[2,169],"tags":[1150,2211,50,49,2827,173,53,167,1869],"class_list":["post-8884","post","type-post","status-publish","format-standard","has-post-thumbnail","hentry","category-kolej","category-rok-2009","tag-2009-09-19","tag-2211","tag-cd","tag-czechy","tag-jindrichov-ve-slezsku","tag-koncowki","tag-sygnalizacja-ksztaltowa","tag-tab-cz292","tag-wagon-sterowniczy"],"_links":{"self":[{"href":"https:\/\/wgphoto.pl\/t\/index.php?rest_route=\/wp\/v2\/posts\/8884","targetHints":{"allow":["GET"]}}],"collection":[{"href":"https:\/\/wgphoto.pl\/t\/index.php?rest_route=\/wp\/v2\/posts"}],"about":[{"href":"https:\/\/wgphoto.pl\/t\/index.php?rest_route=\/wp\/v2\/types\/post"}],"author":[{"embeddable":true,"href":"https:\/\/wgphoto.pl\/t\/index.php?rest_route=\/wp\/v2\/users\/1"}],"replies":[{"embeddable":true,"href":"https:\/\/wgphoto.pl\/t\/index.php?rest_route=%2Fwp%2Fv2%2Fcomments&post=8884"}],"version-history":[{"count":1,"href":"https:\/\/wgphoto.pl\/t\/index.php?rest_route=\/wp\/v2\/posts\/8884\/revisions"}],"predecessor-version":[{"id":8886,"href":"https:\/\/wgphoto.pl\/t\/index.php?rest_route=\/wp\/v2\/posts\/8884\/revisions\/8886"}],"wp:featuredmedia":[{"embeddable":true,"href":"https:\/\/wgphoto.pl\/t\/index.php?rest_route=\/wp\/v2\/media\/8885"}],"wp:attachment":[{"href":"https:\/\/wgphoto.pl\/t\/index.php?rest_route=%2Fwp%2Fv2%2Fmedia&parent=8884"}],"wp:term":[{"taxonomy":"category","embeddable":true,"href":"https:\/\/wgphoto.pl\/t\/index.php?rest_route=%2Fwp%2Fv2%2Fcategories&post=8884"},{"taxonomy":"post_tag","embeddable":true,"href":"https:\/\/wgphoto.pl\/t\/index.php?rest_route=%2Fwp%2Fv2%2Ftags&post=8884"}],"curies":[{"name":"wp","href":"https:\/\/api.w.org\/{rel}","templated":true}]}}