{"id":8897,"date":"2025-01-06T18:12:44","date_gmt":"2025-01-06T17:12:44","guid":{"rendered":"https:\/\/wgphoto.pl\/t\/?p=8897"},"modified":"2025-01-06T18:12:44","modified_gmt":"2025-01-06T17:12:44","slug":"szczeliniec","status":"publish","type":"post","link":"https:\/\/wgphoto.pl\/t\/?p=8897","title":{"rendered":"Szczeliniec"},"content":{"rendered":"\n<figure class=\"wp-block-image aligncenter size-full\"><img loading=\"lazy\" decoding=\"async\" width=\"1024\" height=\"685\" src=\"https:\/\/wgphoto.pl\/t\/wp-content\/uploads\/2025\/01\/IMGP5676.jpg\" alt=\"\" class=\"wp-image-8898\" srcset=\"https:\/\/wgphoto.pl\/t\/wp-content\/uploads\/2025\/01\/IMGP5676.jpg 1024w, https:\/\/wgphoto.pl\/t\/wp-content\/uploads\/2025\/01\/IMGP5676-300x201.jpg 300w, https:\/\/wgphoto.pl\/t\/wp-content\/uploads\/2025\/01\/IMGP5676-768x514.jpg 768w\" sizes=\"auto, (max-width: 1024px) 100vw, 1024px\" \/><\/figure>\n\n\n\n<div class=\"wp-block-group has-global-padding is-layout-constrained wp-block-group-is-layout-constrained\">\n<p>EU07-490 z poc. 6623 &#8222;Szczeliniec&#8221; rel. Wroc\u0142aw G\u0142. &#8211; Szklarska Por\u0119ba G\u00f3rna (wagony bezpo\u015brednie od poci\u0105gu z Poznania do Kudowy Zdroju) zatrzymuje si\u0119 w peronach stacji K\u0105ty Wroc\u0142awskie. 09.05.2009<\/p>\n<\/div>\n","protected":false},"excerpt":{"rendered":"<p>EU07-490 z poc. 6623 &#8222;Szczeliniec&#8221; rel. Wroc\u0142aw G\u0142. &#8211; Szklarska Por\u0119ba G\u00f3rna (wagony bezpo\u015brednie od poci\u0105gu z Poznania do Kudowy Zdroju) zatrzymuje si\u0119 w peronach stacji K\u0105ty Wroc\u0142awskie. 09.05.2009<\/p>\n","protected":false},"author":1,"featured_media":8898,"comment_status":"open","ping_status":"","sticky":false,"template":"","format":"standard","meta":{"footnotes":""},"categories":[2,169],"tags":[2405,122,2404,24,63,27,200,294],"class_list":["post-8897","post","type-post","status-publish","format-standard","has-post-thumbnail","hentry","category-kolej","category-rok-2009","tag-2009-05-09","tag-eu07","tag-katy-wroclawskie","tag-perony","tag-pkp","tag-polska","tag-tab-pl240","tag-wiosna"],"_links":{"self":[{"href":"https:\/\/wgphoto.pl\/t\/index.php?rest_route=\/wp\/v2\/posts\/8897","targetHints":{"allow":["GET"]}}],"collection":[{"href":"https:\/\/wgphoto.pl\/t\/index.php?rest_route=\/wp\/v2\/posts"}],"about":[{"href":"https:\/\/wgphoto.pl\/t\/index.php?rest_route=\/wp\/v2\/types\/post"}],"author":[{"embeddable":true,"href":"https:\/\/wgphoto.pl\/t\/index.php?rest_route=\/wp\/v2\/users\/1"}],"replies":[{"embeddable":true,"href":"https:\/\/wgphoto.pl\/t\/index.php?rest_route=%2Fwp%2Fv2%2Fcomments&post=8897"}],"version-history":[{"count":1,"href":"https:\/\/wgphoto.pl\/t\/index.php?rest_route=\/wp\/v2\/posts\/8897\/revisions"}],"predecessor-version":[{"id":8899,"href":"https:\/\/wgphoto.pl\/t\/index.php?rest_route=\/wp\/v2\/posts\/8897\/revisions\/8899"}],"wp:featuredmedia":[{"embeddable":true,"href":"https:\/\/wgphoto.pl\/t\/index.php?rest_route=\/wp\/v2\/media\/8898"}],"wp:attachment":[{"href":"https:\/\/wgphoto.pl\/t\/index.php?rest_route=%2Fwp%2Fv2%2Fmedia&parent=8897"}],"wp:term":[{"taxonomy":"category","embeddable":true,"href":"https:\/\/wgphoto.pl\/t\/index.php?rest_route=%2Fwp%2Fv2%2Fcategories&post=8897"},{"taxonomy":"post_tag","embeddable":true,"href":"https:\/\/wgphoto.pl\/t\/index.php?rest_route=%2Fwp%2Fv2%2Ftags&post=8897"}],"curies":[{"name":"wp","href":"https:\/\/api.w.org\/{rel}","templated":true}]}}