{"id":8900,"date":"2025-01-06T18:13:48","date_gmt":"2025-01-06T17:13:48","guid":{"rendered":"https:\/\/wgphoto.pl\/t\/?p=8900"},"modified":"2025-01-06T18:13:48","modified_gmt":"2025-01-06T17:13:48","slug":"szklarka","status":"publish","type":"post","link":"https:\/\/wgphoto.pl\/t\/?p=8900","title":{"rendered":"Szklarka"},"content":{"rendered":"\n<figure class=\"wp-block-image aligncenter size-full\"><img loading=\"lazy\" decoding=\"async\" width=\"1024\" height=\"685\" src=\"https:\/\/wgphoto.pl\/t\/wp-content\/uploads\/2025\/01\/IMGP5661-1.jpg\" alt=\"\" class=\"wp-image-8902\" srcset=\"https:\/\/wgphoto.pl\/t\/wp-content\/uploads\/2025\/01\/IMGP5661-1.jpg 1024w, https:\/\/wgphoto.pl\/t\/wp-content\/uploads\/2025\/01\/IMGP5661-1-300x201.jpg 300w, https:\/\/wgphoto.pl\/t\/wp-content\/uploads\/2025\/01\/IMGP5661-1-768x514.jpg 768w\" sizes=\"auto, (max-width: 1024px) 100vw, 1024px\" \/><\/figure>\n\n\n\n<div class=\"wp-block-group has-global-padding is-layout-constrained wp-block-group-is-layout-constrained\">\n<p>Odcinek Sadowice Wroc\u0142awskie &#8211; K\u0105ty Wroc\u0142awskie. EU07-203 prowadz\u0105c poci\u0105g osobowy 7623 &#8222;Szklarka&#8221; z Poznania do Szklarskiej Por\u0119by mija przejazd w miejscowo\u015bci Wszemi\u0142owice. 09.05.2009<\/p>\n<\/div>\n","protected":false},"excerpt":{"rendered":"<p>Odcinek Sadowice Wroc\u0142awskie &#8211; K\u0105ty Wroc\u0142awskie. EU07-203 prowadz\u0105c poci\u0105g osobowy 7623 &#8222;Szklarka&#8221; z Poznania do Szklarskiej Por\u0119by mija przejazd w miejscowo\u015bci Wszemi\u0142owice. 09.05.2009<\/p>\n","protected":false},"author":1,"featured_media":8902,"comment_status":"open","ping_status":"","sticky":false,"template":"","format":"standard","meta":{"footnotes":""},"categories":[2,169],"tags":[2405,122,2404,63,27,2829,200],"class_list":["post-8900","post","type-post","status-publish","format-standard","has-post-thumbnail","hentry","category-kolej","category-rok-2009","tag-2009-05-09","tag-eu07","tag-katy-wroclawskie","tag-pkp","tag-polska","tag-sadowice-wroclawskie","tag-tab-pl240"],"_links":{"self":[{"href":"https:\/\/wgphoto.pl\/t\/index.php?rest_route=\/wp\/v2\/posts\/8900","targetHints":{"allow":["GET"]}}],"collection":[{"href":"https:\/\/wgphoto.pl\/t\/index.php?rest_route=\/wp\/v2\/posts"}],"about":[{"href":"https:\/\/wgphoto.pl\/t\/index.php?rest_route=\/wp\/v2\/types\/post"}],"author":[{"embeddable":true,"href":"https:\/\/wgphoto.pl\/t\/index.php?rest_route=\/wp\/v2\/users\/1"}],"replies":[{"embeddable":true,"href":"https:\/\/wgphoto.pl\/t\/index.php?rest_route=%2Fwp%2Fv2%2Fcomments&post=8900"}],"version-history":[{"count":1,"href":"https:\/\/wgphoto.pl\/t\/index.php?rest_route=\/wp\/v2\/posts\/8900\/revisions"}],"predecessor-version":[{"id":8903,"href":"https:\/\/wgphoto.pl\/t\/index.php?rest_route=\/wp\/v2\/posts\/8900\/revisions\/8903"}],"wp:featuredmedia":[{"embeddable":true,"href":"https:\/\/wgphoto.pl\/t\/index.php?rest_route=\/wp\/v2\/media\/8902"}],"wp:attachment":[{"href":"https:\/\/wgphoto.pl\/t\/index.php?rest_route=%2Fwp%2Fv2%2Fmedia&parent=8900"}],"wp:term":[{"taxonomy":"category","embeddable":true,"href":"https:\/\/wgphoto.pl\/t\/index.php?rest_route=%2Fwp%2Fv2%2Fcategories&post=8900"},{"taxonomy":"post_tag","embeddable":true,"href":"https:\/\/wgphoto.pl\/t\/index.php?rest_route=%2Fwp%2Fv2%2Ftags&post=8900"}],"curies":[{"name":"wp","href":"https:\/\/api.w.org\/{rel}","templated":true}]}}