{"id":8907,"date":"2025-01-06T18:17:26","date_gmt":"2025-01-06T17:17:26","guid":{"rendered":"https:\/\/wgphoto.pl\/t\/?p=8907"},"modified":"2025-01-06T18:17:26","modified_gmt":"2025-01-06T17:17:26","slug":"tincer","status":"publish","type":"post","link":"https:\/\/wgphoto.pl\/t\/?p=8907","title":{"rendered":"T\u00edncer"},"content":{"rendered":"\n<figure class=\"wp-block-image aligncenter size-full\"><img loading=\"lazy\" decoding=\"async\" width=\"1024\" height=\"680\" src=\"https:\/\/wgphoto.pl\/t\/wp-content\/uploads\/2025\/01\/IMGP0479.jpg\" alt=\"\" class=\"wp-image-8908\" srcset=\"https:\/\/wgphoto.pl\/t\/wp-content\/uploads\/2025\/01\/IMGP0479.jpg 1024w, https:\/\/wgphoto.pl\/t\/wp-content\/uploads\/2025\/01\/IMGP0479-300x199.jpg 300w, https:\/\/wgphoto.pl\/t\/wp-content\/uploads\/2025\/01\/IMGP0479-768x510.jpg 768w\" sizes=\"auto, (max-width: 1024px) 100vw, 1024px\" \/><\/figure>\n\n\n\n<div class=\"wp-block-group has-global-padding is-layout-constrained wp-block-group-is-layout-constrained\">\n<p>Santa Cruz de Tenerife, Calle las Loas, kraniec jak w tytule oraz na obrazku. Bardzo rzadko zdarza mi si\u0119 pope\u0142ni\u0107 portret tramwaju, ale na wakacjach najwyra\u017aniej dopad\u0142 mnie jaki\u015b spadek formy, bo powy\u017csze foto zaliczam niestety do najlepszych. Inna sprawa, \u017ce tam panuje paskudna s\u0142upoza i s\u0142upkoza, co zreszt\u0105 tak\u017ce wida\u0107 na za\u0142\u0105czonym obrazku. 06.11.2013<\/p>\n<\/div>\n","protected":false},"excerpt":{"rendered":"<p>Santa Cruz de Tenerife, Calle las Loas, kraniec jak w tytule oraz na obrazku. Bardzo rzadko zdarza mi si\u0119 pope\u0142ni\u0107 portret tramwaju, ale na wakacjach najwyra\u017aniej dopad\u0142 mnie jaki\u015b spadek formy, bo powy\u017csze foto zaliczam niestety do najlepszych. Inna sprawa, \u017ce tam panuje paskudna s\u0142upoza i s\u0142upkoza, co zreszt\u0105 tak\u017ce wida\u0107 na za\u0142\u0105czonym obrazku. 06.11.2013<\/p>\n","protected":false},"author":1,"featured_media":8908,"comment_status":"open","ping_status":"","sticky":false,"template":"","format":"standard","meta":{"footnotes":""},"categories":[55,3],"tags":[174,170,159,171,172],"class_list":["post-8907","post","type-post","status-publish","format-standard","has-post-thumbnail","hentry","category-rok-2013","category-tramwaj","tag-2013-11-06","tag-alstom-citadis302","tag-hiszpania","tag-metropolitano-de-tenerife","tag-santa-cruz-de-tenerife"],"_links":{"self":[{"href":"https:\/\/wgphoto.pl\/t\/index.php?rest_route=\/wp\/v2\/posts\/8907","targetHints":{"allow":["GET"]}}],"collection":[{"href":"https:\/\/wgphoto.pl\/t\/index.php?rest_route=\/wp\/v2\/posts"}],"about":[{"href":"https:\/\/wgphoto.pl\/t\/index.php?rest_route=\/wp\/v2\/types\/post"}],"author":[{"embeddable":true,"href":"https:\/\/wgphoto.pl\/t\/index.php?rest_route=\/wp\/v2\/users\/1"}],"replies":[{"embeddable":true,"href":"https:\/\/wgphoto.pl\/t\/index.php?rest_route=%2Fwp%2Fv2%2Fcomments&post=8907"}],"version-history":[{"count":1,"href":"https:\/\/wgphoto.pl\/t\/index.php?rest_route=\/wp\/v2\/posts\/8907\/revisions"}],"predecessor-version":[{"id":8909,"href":"https:\/\/wgphoto.pl\/t\/index.php?rest_route=\/wp\/v2\/posts\/8907\/revisions\/8909"}],"wp:featuredmedia":[{"embeddable":true,"href":"https:\/\/wgphoto.pl\/t\/index.php?rest_route=\/wp\/v2\/media\/8908"}],"wp:attachment":[{"href":"https:\/\/wgphoto.pl\/t\/index.php?rest_route=%2Fwp%2Fv2%2Fmedia&parent=8907"}],"wp:term":[{"taxonomy":"category","embeddable":true,"href":"https:\/\/wgphoto.pl\/t\/index.php?rest_route=%2Fwp%2Fv2%2Fcategories&post=8907"},{"taxonomy":"post_tag","embeddable":true,"href":"https:\/\/wgphoto.pl\/t\/index.php?rest_route=%2Fwp%2Fv2%2Ftags&post=8907"}],"curies":[{"name":"wp","href":"https:\/\/api.w.org\/{rel}","templated":true}]}}