{"id":8910,"date":"2025-01-06T18:18:23","date_gmt":"2025-01-06T17:18:23","guid":{"rendered":"https:\/\/wgphoto.pl\/t\/?p=8910"},"modified":"2025-01-06T18:18:23","modified_gmt":"2025-01-06T17:18:23","slug":"z-widokiem-na-afryke","status":"publish","type":"post","link":"https:\/\/wgphoto.pl\/t\/?p=8910","title":{"rendered":"Z widokiem na Afryk\u0119"},"content":{"rendered":"\n<figure class=\"wp-block-image aligncenter size-full\"><img loading=\"lazy\" decoding=\"async\" width=\"1024\" height=\"680\" src=\"https:\/\/wgphoto.pl\/t\/wp-content\/uploads\/2025\/01\/IMGP0506.jpg\" alt=\"\" class=\"wp-image-8911\" srcset=\"https:\/\/wgphoto.pl\/t\/wp-content\/uploads\/2025\/01\/IMGP0506.jpg 1024w, https:\/\/wgphoto.pl\/t\/wp-content\/uploads\/2025\/01\/IMGP0506-300x199.jpg 300w, https:\/\/wgphoto.pl\/t\/wp-content\/uploads\/2025\/01\/IMGP0506-768x510.jpg 768w\" sizes=\"auto, (max-width: 1024px) 100vw, 1024px\" \/><\/figure>\n\n\n\n<div class=\"wp-block-group has-global-padding is-layout-constrained wp-block-group-is-layout-constrained\">\n<p>Ofra, Carretera del Rosario. Linia 1 jest kr\u0119gos\u0142upem komunikacyjnym aglomeracji (je\u015bli we\u017amiemy pod uwag\u0119 transport zbiorowy) i \u0142\u0105czy Santa Cruz de Tenerife z La Lagun\u0105 przez pomniejsze jednostki administracyjne. Na swej 12,5-kilometrowej trasie b\u0119d\u0105cej praktycznie nieustannym zjazdem b\u0105d\u017a podjazdem (zale\u017cnie od kierunku patrzenia) pokonuje przewy\u017cszenie rz\u0119du 500 metr\u00f3w. W wielu miejscach mo\u017cna sfotografowa\u0107 tramwaj na tle oceanu, lecz bardzo rzadko widok jest tak &#8222;czysty&#8221; jak powy\u017cej. 06.11.2013<\/p>\n<\/div>\n","protected":false},"excerpt":{"rendered":"<p>Ofra, Carretera del Rosario. Linia 1 jest kr\u0119gos\u0142upem komunikacyjnym aglomeracji (je\u015bli we\u017amiemy pod uwag\u0119 transport zbiorowy) i \u0142\u0105czy Santa Cruz de Tenerife z La Lagun\u0105 przez pomniejsze jednostki administracyjne. Na swej 12,5-kilometrowej trasie b\u0119d\u0105cej praktycznie nieustannym zjazdem b\u0105d\u017a podjazdem (zale\u017cnie od kierunku patrzenia) pokonuje przewy\u017cszenie rz\u0119du 500 metr\u00f3w. W wielu miejscach mo\u017cna sfotografowa\u0107 tramwaj na [&hellip;]<\/p>\n","protected":false},"author":1,"featured_media":8911,"comment_status":"open","ping_status":"","sticky":false,"template":"","format":"standard","meta":{"footnotes":""},"categories":[55,3],"tags":[174,170,159,173,171,116,172],"class_list":["post-8910","post","type-post","status-publish","format-standard","has-post-thumbnail","hentry","category-rok-2013","category-tramwaj","tag-2013-11-06","tag-alstom-citadis302","tag-hiszpania","tag-koncowki","tag-metropolitano-de-tenerife","tag-morze","tag-santa-cruz-de-tenerife"],"_links":{"self":[{"href":"https:\/\/wgphoto.pl\/t\/index.php?rest_route=\/wp\/v2\/posts\/8910","targetHints":{"allow":["GET"]}}],"collection":[{"href":"https:\/\/wgphoto.pl\/t\/index.php?rest_route=\/wp\/v2\/posts"}],"about":[{"href":"https:\/\/wgphoto.pl\/t\/index.php?rest_route=\/wp\/v2\/types\/post"}],"author":[{"embeddable":true,"href":"https:\/\/wgphoto.pl\/t\/index.php?rest_route=\/wp\/v2\/users\/1"}],"replies":[{"embeddable":true,"href":"https:\/\/wgphoto.pl\/t\/index.php?rest_route=%2Fwp%2Fv2%2Fcomments&post=8910"}],"version-history":[{"count":1,"href":"https:\/\/wgphoto.pl\/t\/index.php?rest_route=\/wp\/v2\/posts\/8910\/revisions"}],"predecessor-version":[{"id":8912,"href":"https:\/\/wgphoto.pl\/t\/index.php?rest_route=\/wp\/v2\/posts\/8910\/revisions\/8912"}],"wp:featuredmedia":[{"embeddable":true,"href":"https:\/\/wgphoto.pl\/t\/index.php?rest_route=\/wp\/v2\/media\/8911"}],"wp:attachment":[{"href":"https:\/\/wgphoto.pl\/t\/index.php?rest_route=%2Fwp%2Fv2%2Fmedia&parent=8910"}],"wp:term":[{"taxonomy":"category","embeddable":true,"href":"https:\/\/wgphoto.pl\/t\/index.php?rest_route=%2Fwp%2Fv2%2Fcategories&post=8910"},{"taxonomy":"post_tag","embeddable":true,"href":"https:\/\/wgphoto.pl\/t\/index.php?rest_route=%2Fwp%2Fv2%2Ftags&post=8910"}],"curies":[{"name":"wp","href":"https:\/\/api.w.org\/{rel}","templated":true}]}}