{"id":8916,"date":"2025-01-06T18:20:52","date_gmt":"2025-01-06T17:20:52","guid":{"rendered":"https:\/\/wgphoto.pl\/t\/?p=8916"},"modified":"2025-01-06T18:20:52","modified_gmt":"2025-01-06T17:20:52","slug":"skajlajn-madrytu","status":"publish","type":"post","link":"https:\/\/wgphoto.pl\/t\/?p=8916","title":{"rendered":"Skajlajn Madrytu"},"content":{"rendered":"\n<figure class=\"wp-block-image aligncenter size-full\"><img loading=\"lazy\" decoding=\"async\" width=\"1024\" height=\"683\" src=\"https:\/\/wgphoto.pl\/t\/wp-content\/uploads\/2025\/01\/IMGP0899-1.jpg\" alt=\"\" class=\"wp-image-8917\" srcset=\"https:\/\/wgphoto.pl\/t\/wp-content\/uploads\/2025\/01\/IMGP0899-1.jpg 1024w, https:\/\/wgphoto.pl\/t\/wp-content\/uploads\/2025\/01\/IMGP0899-1-300x200.jpg 300w, https:\/\/wgphoto.pl\/t\/wp-content\/uploads\/2025\/01\/IMGP0899-1-768x512.jpg 768w\" sizes=\"auto, (max-width: 1024px) 100vw, 1024px\" \/><\/figure>\n\n\n\n<div class=\"wp-block-group has-global-padding is-layout-constrained wp-block-group-is-layout-constrained\">\n<p>Tramwaj linii ML2 (ML od metro ligero &#8211; lekkie metro) pokonuje odcinek Prado de la Vega &#8211; Colonia Jard\u00edn, przeje\u017cd\u017caj\u0105c wiaduktem nad jedn\u0105 z dr\u00f3g wylotowych z miasta na zach\u00f3d. Tramwaje poruszaj\u0105 si\u0119 g\u0142\u00f3wnie po obrze\u017cach stolicy Hiszpanii lecz nie znaczy to, \u017ce nie mo\u017cna ich sfotografowa\u0107 z charakterystycznymi budowlami w tle. 09.11.2013<\/p>\n<\/div>\n","protected":false},"excerpt":{"rendered":"<p>Tramwaj linii ML2 (ML od metro ligero &#8211; lekkie metro) pokonuje odcinek Prado de la Vega &#8211; Colonia Jard\u00edn, przeje\u017cd\u017caj\u0105c wiaduktem nad jedn\u0105 z dr\u00f3g wylotowych z miasta na zach\u00f3d. Tramwaje poruszaj\u0105 si\u0119 g\u0142\u00f3wnie po obrze\u017cach stolicy Hiszpanii lecz nie znaczy to, \u017ce nie mo\u017cna ich sfotografowa\u0107 z charakterystycznymi budowlami w tle. 09.11.2013<\/p>\n","protected":false},"author":1,"featured_media":8917,"comment_status":"open","ping_status":"","sticky":false,"template":"","format":"standard","meta":{"footnotes":""},"categories":[55,3],"tags":[1136,170,159,113,1309,2830],"class_list":["post-8916","post","type-post","status-publish","format-standard","has-post-thumbnail","hentry","category-rok-2013","category-tramwaj","tag-2013-11-09","tag-alstom-citadis302","tag-hiszpania","tag-landszaft","tag-madryt","tag-metro-ligero-de-madrid"],"_links":{"self":[{"href":"https:\/\/wgphoto.pl\/t\/index.php?rest_route=\/wp\/v2\/posts\/8916","targetHints":{"allow":["GET"]}}],"collection":[{"href":"https:\/\/wgphoto.pl\/t\/index.php?rest_route=\/wp\/v2\/posts"}],"about":[{"href":"https:\/\/wgphoto.pl\/t\/index.php?rest_route=\/wp\/v2\/types\/post"}],"author":[{"embeddable":true,"href":"https:\/\/wgphoto.pl\/t\/index.php?rest_route=\/wp\/v2\/users\/1"}],"replies":[{"embeddable":true,"href":"https:\/\/wgphoto.pl\/t\/index.php?rest_route=%2Fwp%2Fv2%2Fcomments&post=8916"}],"version-history":[{"count":1,"href":"https:\/\/wgphoto.pl\/t\/index.php?rest_route=\/wp\/v2\/posts\/8916\/revisions"}],"predecessor-version":[{"id":8918,"href":"https:\/\/wgphoto.pl\/t\/index.php?rest_route=\/wp\/v2\/posts\/8916\/revisions\/8918"}],"wp:featuredmedia":[{"embeddable":true,"href":"https:\/\/wgphoto.pl\/t\/index.php?rest_route=\/wp\/v2\/media\/8917"}],"wp:attachment":[{"href":"https:\/\/wgphoto.pl\/t\/index.php?rest_route=%2Fwp%2Fv2%2Fmedia&parent=8916"}],"wp:term":[{"taxonomy":"category","embeddable":true,"href":"https:\/\/wgphoto.pl\/t\/index.php?rest_route=%2Fwp%2Fv2%2Fcategories&post=8916"},{"taxonomy":"post_tag","embeddable":true,"href":"https:\/\/wgphoto.pl\/t\/index.php?rest_route=%2Fwp%2Fv2%2Ftags&post=8916"}],"curies":[{"name":"wp","href":"https:\/\/api.w.org\/{rel}","templated":true}]}}