{"id":8919,"date":"2025-01-06T18:22:02","date_gmt":"2025-01-06T17:22:02","guid":{"rendered":"https:\/\/wgphoto.pl\/t\/?p=8919"},"modified":"2025-01-06T18:22:02","modified_gmt":"2025-01-06T17:22:02","slug":"wszystko-zle-2","status":"publish","type":"post","link":"https:\/\/wgphoto.pl\/t\/?p=8919","title":{"rendered":"Wszystko \u017ale (2)"},"content":{"rendered":"\n<figure class=\"wp-block-image aligncenter size-full\"><img loading=\"lazy\" decoding=\"async\" width=\"1024\" height=\"683\" src=\"https:\/\/wgphoto.pl\/t\/wp-content\/uploads\/2025\/01\/IMGP0917.jpg\" alt=\"\" class=\"wp-image-8920\" srcset=\"https:\/\/wgphoto.pl\/t\/wp-content\/uploads\/2025\/01\/IMGP0917.jpg 1024w, https:\/\/wgphoto.pl\/t\/wp-content\/uploads\/2025\/01\/IMGP0917-300x200.jpg 300w, https:\/\/wgphoto.pl\/t\/wp-content\/uploads\/2025\/01\/IMGP0917-768x512.jpg 768w\" sizes=\"auto, (max-width: 1024px) 100vw, 1024px\" \/><\/figure>\n\n\n\n<div class=\"wp-block-group has-global-padding is-layout-constrained wp-block-group-is-layout-constrained\">\n<p>Pojazdy obs\u0142uguj\u0105ce trzeci\u0105 lini\u0119 madryckiego &#8222;lekkiego metra&#8221; niezbyt szcz\u0119\u015bliwie mijaj\u0105 si\u0119 mi\u0119dzy przystankami Retamares i Cocheras. Uruchomiona w 2007 roku trasa \u0142\u0105czy zachodnie przedmie\u015bcia stolicy Hiszpanii ze stacj\u0105 metra ale nie bardzo wiadomo po co to robi, poniewa\u017c wiedzie w znacznej cz\u0119\u015bci przez wielkie nic. Nowe biurowce, centra handlowe i fabryki wraz z towarzysz\u0105c\u0105 im przewymiarowan\u0105 infrastruktur\u0105 drogow\u0105 (zbudowan\u0105 przy okazji k\u0142adzenia szyn &#8211; taki paradoks) sprawiaj\u0105 wprawdzie wra\u017cenie, jakby w przysz\u0142o\u015bci mia\u0142o si\u0119 tam cokolwiek rozwin\u0105\u0107, ale jak na sze\u015b\u0107 lat funkcjonowania tramwaju wygl\u0105da to bardzo s\u0142abo. Obrazu dope\u0142niaj\u0105 nietrafione rozwi\u0105zania w zakresie infrastruktury, jak na przyk\u0142ad po\u0142\u0105czenie dw\u00f3ch d\u0142ugich prostych z vmax = 70 km\/h niczym nieuzasadnionym (wszak wok\u00f3\u0142 jest pusto) ciasnym \u0142ukiem z ograniczeniem pr\u0119dko\u015bci do 15 lub 20 km\/h. 09.11.2013<\/p>\n<\/div>\n","protected":false},"excerpt":{"rendered":"<p>Pojazdy obs\u0142uguj\u0105ce trzeci\u0105 lini\u0119 madryckiego &#8222;lekkiego metra&#8221; niezbyt szcz\u0119\u015bliwie mijaj\u0105 si\u0119 mi\u0119dzy przystankami Retamares i Cocheras. Uruchomiona w 2007 roku trasa \u0142\u0105czy zachodnie przedmie\u015bcia stolicy Hiszpanii ze stacj\u0105 metra ale nie bardzo wiadomo po co to robi, poniewa\u017c wiedzie w znacznej cz\u0119\u015bci przez wielkie nic. Nowe biurowce, centra handlowe i fabryki wraz z towarzysz\u0105c\u0105 im [&hellip;]<\/p>\n","protected":false},"author":1,"featured_media":8920,"comment_status":"open","ping_status":"","sticky":false,"template":"","format":"standard","meta":{"footnotes":""},"categories":[55,3],"tags":[1136,170,159,113,1309,2830,389],"class_list":["post-8919","post","type-post","status-publish","format-standard","has-post-thumbnail","hentry","category-rok-2013","category-tramwaj","tag-2013-11-09","tag-alstom-citadis302","tag-hiszpania","tag-landszaft","tag-madryt","tag-metro-ligero-de-madrid","tag-mijanka"],"_links":{"self":[{"href":"https:\/\/wgphoto.pl\/t\/index.php?rest_route=\/wp\/v2\/posts\/8919","targetHints":{"allow":["GET"]}}],"collection":[{"href":"https:\/\/wgphoto.pl\/t\/index.php?rest_route=\/wp\/v2\/posts"}],"about":[{"href":"https:\/\/wgphoto.pl\/t\/index.php?rest_route=\/wp\/v2\/types\/post"}],"author":[{"embeddable":true,"href":"https:\/\/wgphoto.pl\/t\/index.php?rest_route=\/wp\/v2\/users\/1"}],"replies":[{"embeddable":true,"href":"https:\/\/wgphoto.pl\/t\/index.php?rest_route=%2Fwp%2Fv2%2Fcomments&post=8919"}],"version-history":[{"count":1,"href":"https:\/\/wgphoto.pl\/t\/index.php?rest_route=\/wp\/v2\/posts\/8919\/revisions"}],"predecessor-version":[{"id":8921,"href":"https:\/\/wgphoto.pl\/t\/index.php?rest_route=\/wp\/v2\/posts\/8919\/revisions\/8921"}],"wp:featuredmedia":[{"embeddable":true,"href":"https:\/\/wgphoto.pl\/t\/index.php?rest_route=\/wp\/v2\/media\/8920"}],"wp:attachment":[{"href":"https:\/\/wgphoto.pl\/t\/index.php?rest_route=%2Fwp%2Fv2%2Fmedia&parent=8919"}],"wp:term":[{"taxonomy":"category","embeddable":true,"href":"https:\/\/wgphoto.pl\/t\/index.php?rest_route=%2Fwp%2Fv2%2Fcategories&post=8919"},{"taxonomy":"post_tag","embeddable":true,"href":"https:\/\/wgphoto.pl\/t\/index.php?rest_route=%2Fwp%2Fv2%2Ftags&post=8919"}],"curies":[{"name":"wp","href":"https:\/\/api.w.org\/{rel}","templated":true}]}}