{"id":8928,"date":"2025-01-06T18:25:58","date_gmt":"2025-01-06T17:25:58","guid":{"rendered":"https:\/\/wgphoto.pl\/t\/?p=8928"},"modified":"2025-01-06T18:25:58","modified_gmt":"2025-01-06T17:25:58","slug":"listki","status":"publish","type":"post","link":"https:\/\/wgphoto.pl\/t\/?p=8928","title":{"rendered":"Listki"},"content":{"rendered":"\n<figure class=\"wp-block-image aligncenter size-full\"><img loading=\"lazy\" decoding=\"async\" width=\"1024\" height=\"683\" src=\"https:\/\/wgphoto.pl\/t\/wp-content\/uploads\/2025\/01\/IMGP9924.jpg\" alt=\"\" class=\"wp-image-8929\" srcset=\"https:\/\/wgphoto.pl\/t\/wp-content\/uploads\/2025\/01\/IMGP9924.jpg 1024w, https:\/\/wgphoto.pl\/t\/wp-content\/uploads\/2025\/01\/IMGP9924-300x200.jpg 300w, https:\/\/wgphoto.pl\/t\/wp-content\/uploads\/2025\/01\/IMGP9924-768x512.jpg 768w\" sizes=\"auto, (max-width: 1024px) 100vw, 1024px\" \/><\/figure>\n\n\n\n<div class=\"wp-block-group has-global-padding is-layout-constrained wp-block-group-is-layout-constrained\">\n<p>Nie, nie chodzi o bilety, nazywane tak niekiedy w j\u0119zyku czeskim, lecz o t\u0119 \u017c\u00f3\u0142t\u0105 zmor\u0119 prowadz\u0105cych pojazdy szynowe, opad\u0142\u0105 na torowisko stacji Teplice nad Metuj\u00ed. 814.053 czeka na autobus komunikacji zast\u0119pczej z Mezim\u011bst\u00ed (na szlaku pom\u0119dzy wspomnianymi miejscowo\u015bciami kona\u0142a si\u0119 w\u00f3wczas, jak to mawiaj\u0105 Czesi, v\u00fdluka) by zabra\u0107 pasa\u017cer\u00f3w w dalsz\u0105 drog\u0119 do N\u00e1chodu. Pod budynkiem do odjazdu w kierunku Trutnova szykuje si\u0119 te\u017c drugi motorak, znajdujemy si\u0119 bowiem na stacji w\u0119z\u0142owej. 13.10.2012<\/p>\n<\/div>\n","protected":false},"excerpt":{"rendered":"<p>Nie, nie chodzi o bilety, nazywane tak niekiedy w j\u0119zyku czeskim, lecz o t\u0119 \u017c\u00f3\u0142t\u0105 zmor\u0119 prowadz\u0105cych pojazdy szynowe, opad\u0142\u0105 na torowisko stacji Teplice nad Metuj\u00ed. 814.053 czeka na autobus komunikacji zast\u0119pczej z Mezim\u011bst\u00ed (na szlaku pom\u0119dzy wspomnianymi miejscowo\u015bciami kona\u0142a si\u0119 w\u00f3wczas, jak to mawiaj\u0105 Czesi, v\u00fdluka) by zabra\u0107 pasa\u017cer\u00f3w w dalsz\u0105 drog\u0119 do N\u00e1chodu. [&hellip;]<\/p>\n","protected":false},"author":1,"featured_media":8929,"comment_status":"open","ping_status":"","sticky":false,"template":"","format":"standard","meta":{"footnotes":""},"categories":[2,46],"tags":[1870,211,50,49,126,196,176,1720,2835],"class_list":["post-8928","post","type-post","status-publish","format-standard","has-post-thumbnail","hentry","category-kolej","category-rok-2012","tag-2012-10-13","tag-211","tag-cd","tag-czechy","tag-jesien","tag-linie-raczej-lokalne","tag-rano","tag-tab-cz026","tag-teplice-nad-metuji"],"_links":{"self":[{"href":"https:\/\/wgphoto.pl\/t\/index.php?rest_route=\/wp\/v2\/posts\/8928","targetHints":{"allow":["GET"]}}],"collection":[{"href":"https:\/\/wgphoto.pl\/t\/index.php?rest_route=\/wp\/v2\/posts"}],"about":[{"href":"https:\/\/wgphoto.pl\/t\/index.php?rest_route=\/wp\/v2\/types\/post"}],"author":[{"embeddable":true,"href":"https:\/\/wgphoto.pl\/t\/index.php?rest_route=\/wp\/v2\/users\/1"}],"replies":[{"embeddable":true,"href":"https:\/\/wgphoto.pl\/t\/index.php?rest_route=%2Fwp%2Fv2%2Fcomments&post=8928"}],"version-history":[{"count":1,"href":"https:\/\/wgphoto.pl\/t\/index.php?rest_route=\/wp\/v2\/posts\/8928\/revisions"}],"predecessor-version":[{"id":8930,"href":"https:\/\/wgphoto.pl\/t\/index.php?rest_route=\/wp\/v2\/posts\/8928\/revisions\/8930"}],"wp:featuredmedia":[{"embeddable":true,"href":"https:\/\/wgphoto.pl\/t\/index.php?rest_route=\/wp\/v2\/media\/8929"}],"wp:attachment":[{"href":"https:\/\/wgphoto.pl\/t\/index.php?rest_route=%2Fwp%2Fv2%2Fmedia&parent=8928"}],"wp:term":[{"taxonomy":"category","embeddable":true,"href":"https:\/\/wgphoto.pl\/t\/index.php?rest_route=%2Fwp%2Fv2%2Fcategories&post=8928"},{"taxonomy":"post_tag","embeddable":true,"href":"https:\/\/wgphoto.pl\/t\/index.php?rest_route=%2Fwp%2Fv2%2Ftags&post=8928"}],"curies":[{"name":"wp","href":"https:\/\/api.w.org\/{rel}","templated":true}]}}