{"id":8940,"date":"2025-01-06T18:30:23","date_gmt":"2025-01-06T17:30:23","guid":{"rendered":"https:\/\/wgphoto.pl\/t\/?p=8940"},"modified":"2025-01-06T18:30:23","modified_gmt":"2025-01-06T17:30:23","slug":"wysoki-kamien-zamiast-karkonoszy","status":"publish","type":"post","link":"https:\/\/wgphoto.pl\/t\/?p=8940","title":{"rendered":"Wysoki Kamie\u0144 zamiast Karkonoszy"},"content":{"rendered":"\n<figure class=\"wp-block-image aligncenter size-full\"><img loading=\"lazy\" decoding=\"async\" width=\"600\" height=\"900\" src=\"https:\/\/wgphoto.pl\/t\/wp-content\/uploads\/2025\/01\/IMGP2426-1.jpg\" alt=\"\" class=\"wp-image-8941\" srcset=\"https:\/\/wgphoto.pl\/t\/wp-content\/uploads\/2025\/01\/IMGP2426-1.jpg 600w, https:\/\/wgphoto.pl\/t\/wp-content\/uploads\/2025\/01\/IMGP2426-1-200x300.jpg 200w\" sizes=\"auto, (max-width: 600px) 100vw, 600px\" \/><\/figure>\n\n\n\n<div class=\"wp-block-group has-global-padding is-layout-constrained wp-block-group-is-layout-constrained\">\n<p>810 602-3 jako poci\u0105g osobowy 25460 do Ko\u0159enova odjecha\u0142 ze Szklarskiej Por\u0119by G\u00f3rnej. Niestety, w 15 minut nie da si\u0119 doj\u015b\u0107 z peronu na ska\u0142\u0119 nad stacj\u0105 w \u015bniegu po kolana &#8211; trzeba si\u0119 wi\u0119c zadowoli\u0107 kwasem z wiaduktu. A szkoda, bo panorama Karkonoszy by\u0142a tego dnia przepi\u0119kna. 16.03.2013<\/p>\n<\/div>\n","protected":false},"excerpt":{"rendered":"<p>810 602-3 jako poci\u0105g osobowy 25460 do Ko\u0159enova odjecha\u0142 ze Szklarskiej Por\u0119by G\u00f3rnej. Niestety, w 15 minut nie da si\u0119 doj\u015b\u0107 z peronu na ska\u0142\u0119 nad stacj\u0105 w \u015bniegu po kolana &#8211; trzeba si\u0119 wi\u0119c zadowoli\u0107 kwasem z wiaduktu. A szkoda, bo panorama Karkonoszy by\u0142a tego dnia przepi\u0119kna. 16.03.2013<\/p>\n","protected":false},"author":1,"featured_media":8941,"comment_status":"open","ping_status":"","sticky":false,"template":"","format":"standard","meta":{"footnotes":""},"categories":[2,128,55],"tags":[937,92,114,249,933,173,27,44,934,936,935],"class_list":["post-8940","post","type-post","status-publish","format-standard","has-post-thumbnail","hentry","category-kolej","category-pionowe","category-rok-2013","tag-2013-03-16","tag-92","tag-gory","tag-goscinne-wystepy","tag-gwtr","tag-koncowki","tag-polska","tag-snieg","tag-szklarska-poreba-gorna","tag-tab-cz036","tag-tab-pl251"],"_links":{"self":[{"href":"https:\/\/wgphoto.pl\/t\/index.php?rest_route=\/wp\/v2\/posts\/8940","targetHints":{"allow":["GET"]}}],"collection":[{"href":"https:\/\/wgphoto.pl\/t\/index.php?rest_route=\/wp\/v2\/posts"}],"about":[{"href":"https:\/\/wgphoto.pl\/t\/index.php?rest_route=\/wp\/v2\/types\/post"}],"author":[{"embeddable":true,"href":"https:\/\/wgphoto.pl\/t\/index.php?rest_route=\/wp\/v2\/users\/1"}],"replies":[{"embeddable":true,"href":"https:\/\/wgphoto.pl\/t\/index.php?rest_route=%2Fwp%2Fv2%2Fcomments&post=8940"}],"version-history":[{"count":1,"href":"https:\/\/wgphoto.pl\/t\/index.php?rest_route=\/wp\/v2\/posts\/8940\/revisions"}],"predecessor-version":[{"id":8942,"href":"https:\/\/wgphoto.pl\/t\/index.php?rest_route=\/wp\/v2\/posts\/8940\/revisions\/8942"}],"wp:featuredmedia":[{"embeddable":true,"href":"https:\/\/wgphoto.pl\/t\/index.php?rest_route=\/wp\/v2\/media\/8941"}],"wp:attachment":[{"href":"https:\/\/wgphoto.pl\/t\/index.php?rest_route=%2Fwp%2Fv2%2Fmedia&parent=8940"}],"wp:term":[{"taxonomy":"category","embeddable":true,"href":"https:\/\/wgphoto.pl\/t\/index.php?rest_route=%2Fwp%2Fv2%2Fcategories&post=8940"},{"taxonomy":"post_tag","embeddable":true,"href":"https:\/\/wgphoto.pl\/t\/index.php?rest_route=%2Fwp%2Fv2%2Ftags&post=8940"}],"curies":[{"name":"wp","href":"https:\/\/api.w.org\/{rel}","templated":true}]}}