{"id":8964,"date":"2025-01-06T21:13:12","date_gmt":"2025-01-06T20:13:12","guid":{"rendered":"https:\/\/wgphoto.pl\/t\/?p=8964"},"modified":"2025-01-06T21:13:12","modified_gmt":"2025-01-06T20:13:12","slug":"lovosicke-nastupiste-2","status":"publish","type":"post","link":"https:\/\/wgphoto.pl\/t\/?p=8964","title":{"rendered":"Lovosick\u00e9 n\u00e1stupi\u0161t\u011b (2)"},"content":{"rendered":"\n<figure class=\"wp-block-image aligncenter size-full\"><img loading=\"lazy\" decoding=\"async\" width=\"1300\" height=\"870\" src=\"https:\/\/wgphoto.pl\/t\/wp-content\/uploads\/2025\/01\/IMGP2084.jpg\" alt=\"\" class=\"wp-image-8965\" srcset=\"https:\/\/wgphoto.pl\/t\/wp-content\/uploads\/2025\/01\/IMGP2084.jpg 1300w, https:\/\/wgphoto.pl\/t\/wp-content\/uploads\/2025\/01\/IMGP2084-300x201.jpg 300w, https:\/\/wgphoto.pl\/t\/wp-content\/uploads\/2025\/01\/IMGP2084-768x514.jpg 768w\" sizes=\"auto, (max-width: 1300px) 100vw, 1300px\" \/><\/figure>\n\n\n\n<div class=\"wp-block-group has-global-padding is-layout-constrained wp-block-group-is-layout-constrained\">\n<p>\u010cesk\u00e1 L\u00edpa hlavn\u00ed n\u00e1dra\u017e\u00ed. Pojazdy z poprzedniego zdj\u0119cia ogl\u0105dane z przeciwnej strony. Tory le\u017c\u0105ce przy peronie lovosickim znajduj\u0105 si\u0119 po wschodniej stronie budynku dworcowego i s\u0105 obecnie wykorzystywane do odjazd\u00f3w w jednym tylko kierunku &#8211; po\u0142udniowym. Do 1989 roku peron ten s\u0142u\u017cy\u0142 poci\u0105gom odje\u017cd\u017caj\u0105cym na p\u00f3\u0142noc &#8211; do Liberca &#8211; lecz wjazd na stacj\u0119 z tego kierunku prze\u0142o\u017cono na 9-kilometrowym odcinku i obecnie odbywa si\u0119 on tak\u017ce od strony po\u0142udniowej, umo\u017cliwiaj\u0105c przejazd w mocno ucz\u0119szczanej relacji Liberec &#8211; D\u011b\u010d\u00edn bez zmiany kierunku jazdy. 13.03.2013<\/p>\n<\/div>\n","protected":false},"excerpt":{"rendered":"<p>\u010cesk\u00e1 L\u00edpa hlavn\u00ed n\u00e1dra\u017e\u00ed. Pojazdy z poprzedniego zdj\u0119cia ogl\u0105dane z przeciwnej strony. Tory le\u017c\u0105ce przy peronie lovosickim znajduj\u0105 si\u0119 po wschodniej stronie budynku dworcowego i s\u0105 obecnie wykorzystywane do odjazd\u00f3w w jednym tylko kierunku &#8211; po\u0142udniowym. Do 1989 roku peron ten s\u0142u\u017cy\u0142 poci\u0105gom odje\u017cd\u017caj\u0105cym na p\u00f3\u0142noc &#8211; do Liberca &#8211; lecz wjazd na stacj\u0119 z [&hellip;]<\/p>\n","protected":false},"author":1,"featured_media":8965,"comment_status":"open","ping_status":"","sticky":false,"template":"","format":"standard","meta":{"footnotes":""},"categories":[2,55],"tags":[2846,211,91,50,2845,49,44,2838,2839,90],"class_list":["post-8964","post","type-post","status-publish","format-standard","has-post-thumbnail","hentry","category-kolej","category-rok-2013","tag-2013-03-13","tag-211","tag-blue-hour","tag-cd","tag-ceska-lipa-hlavni-nadrazi","tag-czechy","tag-snieg","tag-tab-cz080","tag-tab-cz087","tag-wieczorem"],"_links":{"self":[{"href":"https:\/\/wgphoto.pl\/t\/index.php?rest_route=\/wp\/v2\/posts\/8964","targetHints":{"allow":["GET"]}}],"collection":[{"href":"https:\/\/wgphoto.pl\/t\/index.php?rest_route=\/wp\/v2\/posts"}],"about":[{"href":"https:\/\/wgphoto.pl\/t\/index.php?rest_route=\/wp\/v2\/types\/post"}],"author":[{"embeddable":true,"href":"https:\/\/wgphoto.pl\/t\/index.php?rest_route=\/wp\/v2\/users\/1"}],"replies":[{"embeddable":true,"href":"https:\/\/wgphoto.pl\/t\/index.php?rest_route=%2Fwp%2Fv2%2Fcomments&post=8964"}],"version-history":[{"count":1,"href":"https:\/\/wgphoto.pl\/t\/index.php?rest_route=\/wp\/v2\/posts\/8964\/revisions"}],"predecessor-version":[{"id":8966,"href":"https:\/\/wgphoto.pl\/t\/index.php?rest_route=\/wp\/v2\/posts\/8964\/revisions\/8966"}],"wp:featuredmedia":[{"embeddable":true,"href":"https:\/\/wgphoto.pl\/t\/index.php?rest_route=\/wp\/v2\/media\/8965"}],"wp:attachment":[{"href":"https:\/\/wgphoto.pl\/t\/index.php?rest_route=%2Fwp%2Fv2%2Fmedia&parent=8964"}],"wp:term":[{"taxonomy":"category","embeddable":true,"href":"https:\/\/wgphoto.pl\/t\/index.php?rest_route=%2Fwp%2Fv2%2Fcategories&post=8964"},{"taxonomy":"post_tag","embeddable":true,"href":"https:\/\/wgphoto.pl\/t\/index.php?rest_route=%2Fwp%2Fv2%2Ftags&post=8964"}],"curies":[{"name":"wp","href":"https:\/\/api.w.org\/{rel}","templated":true}]}}