{"id":8967,"date":"2025-01-06T21:14:18","date_gmt":"2025-01-06T20:14:18","guid":{"rendered":"https:\/\/wgphoto.pl\/t\/?p=8967"},"modified":"2025-01-06T21:14:37","modified_gmt":"2025-01-06T20:14:37","slug":"lovosicke-nastupiste-1","status":"publish","type":"post","link":"https:\/\/wgphoto.pl\/t\/?p=8967","title":{"rendered":"Lovosick\u00e9 n\u00e1stupi\u0161t\u011b (1)"},"content":{"rendered":"\n<figure class=\"wp-block-image aligncenter size-full\"><img loading=\"lazy\" decoding=\"async\" width=\"1200\" height=\"800\" src=\"https:\/\/wgphoto.pl\/t\/wp-content\/uploads\/2025\/01\/IMGP2087.jpg\" alt=\"\" class=\"wp-image-8968\" srcset=\"https:\/\/wgphoto.pl\/t\/wp-content\/uploads\/2025\/01\/IMGP2087.jpg 1200w, https:\/\/wgphoto.pl\/t\/wp-content\/uploads\/2025\/01\/IMGP2087-300x200.jpg 300w, https:\/\/wgphoto.pl\/t\/wp-content\/uploads\/2025\/01\/IMGP2087-768x512.jpg 768w\" sizes=\"auto, (max-width: 1200px) 100vw, 1200px\" \/><\/figure>\n\n\n\n<div class=\"wp-block-group has-global-padding is-layout-constrained wp-block-group-is-layout-constrained\">\n<p>\u010cesk\u00e1 L\u00edpa hlavn\u00ed n\u00e1dra\u017e\u00ed. Regionovy 086 i 145 oczekuj\u0105 na torach przy peronie lovosickim godzin odjazd\u00f3w jako poci\u0105gi 6114 do Loun oraz 6015 do Bakova nad Jizerou. 13.03.2013<\/p>\n<\/div>\n","protected":false},"excerpt":{"rendered":"<p>\u010cesk\u00e1 L\u00edpa hlavn\u00ed n\u00e1dra\u017e\u00ed. Regionovy 086 i 145 oczekuj\u0105 na torach przy peronie lovosickim godzin odjazd\u00f3w jako poci\u0105gi 6114 do Loun oraz 6015 do Bakova nad Jizerou. 13.03.2013<\/p>\n","protected":false},"author":1,"featured_media":8968,"comment_status":"open","ping_status":"","sticky":false,"template":"","format":"standard","meta":{"footnotes":""},"categories":[2,55],"tags":[2846,211,91,50,2845,49,173,44,2838,2839,90],"class_list":["post-8967","post","type-post","status-publish","format-standard","has-post-thumbnail","hentry","category-kolej","category-rok-2013","tag-2013-03-13","tag-211","tag-blue-hour","tag-cd","tag-ceska-lipa-hlavni-nadrazi","tag-czechy","tag-koncowki","tag-snieg","tag-tab-cz080","tag-tab-cz087","tag-wieczorem"],"_links":{"self":[{"href":"https:\/\/wgphoto.pl\/t\/index.php?rest_route=\/wp\/v2\/posts\/8967","targetHints":{"allow":["GET"]}}],"collection":[{"href":"https:\/\/wgphoto.pl\/t\/index.php?rest_route=\/wp\/v2\/posts"}],"about":[{"href":"https:\/\/wgphoto.pl\/t\/index.php?rest_route=\/wp\/v2\/types\/post"}],"author":[{"embeddable":true,"href":"https:\/\/wgphoto.pl\/t\/index.php?rest_route=\/wp\/v2\/users\/1"}],"replies":[{"embeddable":true,"href":"https:\/\/wgphoto.pl\/t\/index.php?rest_route=%2Fwp%2Fv2%2Fcomments&post=8967"}],"version-history":[{"count":1,"href":"https:\/\/wgphoto.pl\/t\/index.php?rest_route=\/wp\/v2\/posts\/8967\/revisions"}],"predecessor-version":[{"id":8969,"href":"https:\/\/wgphoto.pl\/t\/index.php?rest_route=\/wp\/v2\/posts\/8967\/revisions\/8969"}],"wp:featuredmedia":[{"embeddable":true,"href":"https:\/\/wgphoto.pl\/t\/index.php?rest_route=\/wp\/v2\/media\/8968"}],"wp:attachment":[{"href":"https:\/\/wgphoto.pl\/t\/index.php?rest_route=%2Fwp%2Fv2%2Fmedia&parent=8967"}],"wp:term":[{"taxonomy":"category","embeddable":true,"href":"https:\/\/wgphoto.pl\/t\/index.php?rest_route=%2Fwp%2Fv2%2Fcategories&post=8967"},{"taxonomy":"post_tag","embeddable":true,"href":"https:\/\/wgphoto.pl\/t\/index.php?rest_route=%2Fwp%2Fv2%2Ftags&post=8967"}],"curies":[{"name":"wp","href":"https:\/\/api.w.org\/{rel}","templated":true}]}}