{"id":8970,"date":"2025-01-06T22:25:20","date_gmt":"2025-01-06T21:25:20","guid":{"rendered":"https:\/\/wgphoto.pl\/t\/?p=8970"},"modified":"2025-01-06T22:25:20","modified_gmt":"2025-01-06T21:25:20","slug":"co-20-minut","status":"publish","type":"post","link":"https:\/\/wgphoto.pl\/t\/?p=8970","title":{"rendered":"Co 20 minut"},"content":{"rendered":"\n<figure class=\"wp-block-image aligncenter size-full\"><img loading=\"lazy\" decoding=\"async\" width=\"1024\" height=\"683\" src=\"https:\/\/wgphoto.pl\/t\/wp-content\/uploads\/2025\/01\/IMGP1612.jpg\" alt=\"\" class=\"wp-image-8971\" srcset=\"https:\/\/wgphoto.pl\/t\/wp-content\/uploads\/2025\/01\/IMGP1612.jpg 1024w, https:\/\/wgphoto.pl\/t\/wp-content\/uploads\/2025\/01\/IMGP1612-300x200.jpg 300w, https:\/\/wgphoto.pl\/t\/wp-content\/uploads\/2025\/01\/IMGP1612-768x512.jpg 768w\" sizes=\"auto, (max-width: 1024px) 100vw, 1024px\" \/><\/figure>\n\n\n\n<div class=\"wp-block-group has-global-padding is-layout-constrained wp-block-group-is-layout-constrained\">\n<p>G\u00f6rlitz, Sechsst\u00e4dteplatz. Dw\u00f3jka przeje\u017cd\u017ca po przek\u0105tnej placu, zostawiaj\u0105c za sob\u0105 pi\u0119kne kamienice, jakich w tym mie\u015bcie mo\u017cna znale\u017a\u0107 wiele. Sytuacja taka ma miejsce co 20 minut przez pi\u0119\u0107 i p\u00f3\u0142 dnia w tygodniu oraz co 30 minut w sobotnie popo\u0142udnia i niedziele. 18.12.2012<\/p>\n<\/div>\n","protected":false},"excerpt":{"rendered":"<p>G\u00f6rlitz, Sechsst\u00e4dteplatz. Dw\u00f3jka przeje\u017cd\u017ca po przek\u0105tnej placu, zostawiaj\u0105c za sob\u0105 pi\u0119kne kamienice, jakich w tym mie\u015bcie mo\u017cna znale\u017a\u0107 wiele. Sytuacja taka ma miejsce co 20 minut przez pi\u0119\u0107 i p\u00f3\u0142 dnia w tygodniu oraz co 30 minut w sobotnie popo\u0142udnia i niedziele. 18.12.2012<\/p>\n","protected":false},"author":1,"featured_media":8971,"comment_status":"open","ping_status":"","sticky":false,"template":"","format":"standard","meta":{"footnotes":""},"categories":[46,3],"tags":[1948,34,31,23,33,129],"class_list":["post-8970","post","type-post","status-publish","format-standard","has-post-thumbnail","hentry","category-rok-2012","category-tramwaj","tag-2012-12-18","tag-architektura","tag-gorlitz","tag-niemcy","tag-tatra-kt4","tag-vgg-gorlitz"],"_links":{"self":[{"href":"https:\/\/wgphoto.pl\/t\/index.php?rest_route=\/wp\/v2\/posts\/8970","targetHints":{"allow":["GET"]}}],"collection":[{"href":"https:\/\/wgphoto.pl\/t\/index.php?rest_route=\/wp\/v2\/posts"}],"about":[{"href":"https:\/\/wgphoto.pl\/t\/index.php?rest_route=\/wp\/v2\/types\/post"}],"author":[{"embeddable":true,"href":"https:\/\/wgphoto.pl\/t\/index.php?rest_route=\/wp\/v2\/users\/1"}],"replies":[{"embeddable":true,"href":"https:\/\/wgphoto.pl\/t\/index.php?rest_route=%2Fwp%2Fv2%2Fcomments&post=8970"}],"version-history":[{"count":1,"href":"https:\/\/wgphoto.pl\/t\/index.php?rest_route=\/wp\/v2\/posts\/8970\/revisions"}],"predecessor-version":[{"id":8972,"href":"https:\/\/wgphoto.pl\/t\/index.php?rest_route=\/wp\/v2\/posts\/8970\/revisions\/8972"}],"wp:featuredmedia":[{"embeddable":true,"href":"https:\/\/wgphoto.pl\/t\/index.php?rest_route=\/wp\/v2\/media\/8971"}],"wp:attachment":[{"href":"https:\/\/wgphoto.pl\/t\/index.php?rest_route=%2Fwp%2Fv2%2Fmedia&parent=8970"}],"wp:term":[{"taxonomy":"category","embeddable":true,"href":"https:\/\/wgphoto.pl\/t\/index.php?rest_route=%2Fwp%2Fv2%2Fcategories&post=8970"},{"taxonomy":"post_tag","embeddable":true,"href":"https:\/\/wgphoto.pl\/t\/index.php?rest_route=%2Fwp%2Fv2%2Ftags&post=8970"}],"curies":[{"name":"wp","href":"https:\/\/api.w.org\/{rel}","templated":true}]}}