{"id":8973,"date":"2025-01-06T22:26:33","date_gmt":"2025-01-06T21:26:33","guid":{"rendered":"https:\/\/wgphoto.pl\/t\/?p=8973"},"modified":"2025-01-06T22:26:33","modified_gmt":"2025-01-06T21:26:33","slug":"2xkt4d","status":"publish","type":"post","link":"https:\/\/wgphoto.pl\/t\/?p=8973","title":{"rendered":"2xKT4D"},"content":{"rendered":"\n<figure class=\"wp-block-image aligncenter size-full\"><img loading=\"lazy\" decoding=\"async\" width=\"1024\" height=\"683\" src=\"https:\/\/wgphoto.pl\/t\/wp-content\/uploads\/2025\/01\/IMGP1583.jpg\" alt=\"\" class=\"wp-image-8974\" srcset=\"https:\/\/wgphoto.pl\/t\/wp-content\/uploads\/2025\/01\/IMGP1583.jpg 1024w, https:\/\/wgphoto.pl\/t\/wp-content\/uploads\/2025\/01\/IMGP1583-300x200.jpg 300w, https:\/\/wgphoto.pl\/t\/wp-content\/uploads\/2025\/01\/IMGP1583-768x512.jpg 768w\" sizes=\"auto, (max-width: 1024px) 100vw, 1024px\" \/><\/figure>\n\n\n\n<div class=\"wp-block-group has-global-padding is-layout-constrained wp-block-group-is-layout-constrained\">\n<p>G\u00f6rlitz, Heilige-Grab-Stra\u00dfe. W niejednym wi\u0119kszym mie\u015bcie kursuj\u0105 wy\u0142\u0105cznie kr\u00f3tsze tramwaje, a tymczasem w 54-tysi\u0119cznym G\u00f6rlitz niezmiennie od lat mo\u017cna spotka\u0107 sk\u0142ady kat\u00f3wek (tu: 311+317). 18.12.2012<\/p>\n<\/div>\n","protected":false},"excerpt":{"rendered":"<p>G\u00f6rlitz, Heilige-Grab-Stra\u00dfe. W niejednym wi\u0119kszym mie\u015bcie kursuj\u0105 wy\u0142\u0105cznie kr\u00f3tsze tramwaje, a tymczasem w 54-tysi\u0119cznym G\u00f6rlitz niezmiennie od lat mo\u017cna spotka\u0107 sk\u0142ady kat\u00f3wek (tu: 311+317). 18.12.2012<\/p>\n","protected":false},"author":1,"featured_media":8974,"comment_status":"open","ping_status":"","sticky":false,"template":"","format":"standard","meta":{"footnotes":""},"categories":[46,3],"tags":[1948,34,31,23,143,33,129],"class_list":["post-8973","post","type-post","status-publish","format-standard","has-post-thumbnail","hentry","category-rok-2012","category-tramwaj","tag-2012-12-18","tag-architektura","tag-gorlitz","tag-niemcy","tag-ponad-30m","tag-tatra-kt4","tag-vgg-gorlitz"],"_links":{"self":[{"href":"https:\/\/wgphoto.pl\/t\/index.php?rest_route=\/wp\/v2\/posts\/8973","targetHints":{"allow":["GET"]}}],"collection":[{"href":"https:\/\/wgphoto.pl\/t\/index.php?rest_route=\/wp\/v2\/posts"}],"about":[{"href":"https:\/\/wgphoto.pl\/t\/index.php?rest_route=\/wp\/v2\/types\/post"}],"author":[{"embeddable":true,"href":"https:\/\/wgphoto.pl\/t\/index.php?rest_route=\/wp\/v2\/users\/1"}],"replies":[{"embeddable":true,"href":"https:\/\/wgphoto.pl\/t\/index.php?rest_route=%2Fwp%2Fv2%2Fcomments&post=8973"}],"version-history":[{"count":1,"href":"https:\/\/wgphoto.pl\/t\/index.php?rest_route=\/wp\/v2\/posts\/8973\/revisions"}],"predecessor-version":[{"id":8975,"href":"https:\/\/wgphoto.pl\/t\/index.php?rest_route=\/wp\/v2\/posts\/8973\/revisions\/8975"}],"wp:featuredmedia":[{"embeddable":true,"href":"https:\/\/wgphoto.pl\/t\/index.php?rest_route=\/wp\/v2\/media\/8974"}],"wp:attachment":[{"href":"https:\/\/wgphoto.pl\/t\/index.php?rest_route=%2Fwp%2Fv2%2Fmedia&parent=8973"}],"wp:term":[{"taxonomy":"category","embeddable":true,"href":"https:\/\/wgphoto.pl\/t\/index.php?rest_route=%2Fwp%2Fv2%2Fcategories&post=8973"},{"taxonomy":"post_tag","embeddable":true,"href":"https:\/\/wgphoto.pl\/t\/index.php?rest_route=%2Fwp%2Fv2%2Ftags&post=8973"}],"curies":[{"name":"wp","href":"https:\/\/api.w.org\/{rel}","templated":true}]}}