{"id":9003,"date":"2025-01-06T22:36:38","date_gmt":"2025-01-06T21:36:38","guid":{"rendered":"https:\/\/wgphoto.pl\/t\/?p=9003"},"modified":"2025-01-06T22:36:38","modified_gmt":"2025-01-06T21:36:38","slug":"skyline","status":"publish","type":"post","link":"https:\/\/wgphoto.pl\/t\/?p=9003","title":{"rendered":"Skyline"},"content":{"rendered":"\n<figure class=\"wp-block-image aligncenter size-full\"><img loading=\"lazy\" decoding=\"async\" width=\"1024\" height=\"683\" src=\"https:\/\/wgphoto.pl\/t\/wp-content\/uploads\/2025\/01\/IMGP9968.jpg\" alt=\"\" class=\"wp-image-9004\" srcset=\"https:\/\/wgphoto.pl\/t\/wp-content\/uploads\/2025\/01\/IMGP9968.jpg 1024w, https:\/\/wgphoto.pl\/t\/wp-content\/uploads\/2025\/01\/IMGP9968-300x200.jpg 300w, https:\/\/wgphoto.pl\/t\/wp-content\/uploads\/2025\/01\/IMGP9968-768x512.jpg 768w\" sizes=\"auto, (max-width: 1024px) 100vw, 1024px\" \/><\/figure>\n\n\n\n<div class=\"wp-block-group has-global-padding is-layout-constrained wp-block-group-is-layout-constrained\">\n<p>Maszyna ST43-R010 z w\u0119glarkami kieruje si\u0119 do Kamie\u0144ca opu\u015bciwszy widoczne w tle Z\u0105bkowice \u015al\u0105skie, prezentuj\u0105ce w tym uj\u0119ciu sw\u00f3j &#8222;skyline&#8221;. Z wa\u017cniejszych obiekt\u00f3w widoczne s\u0105: wie\u017ca ratuszowa oraz tutejsza krzywa wie\u017ca (odpowiednio pierwsza i druga z prawej). 23.09.2009<\/p>\n<\/div>\n","protected":false},"excerpt":{"rendered":"<p>Maszyna ST43-R010 z w\u0119glarkami kieruje si\u0119 do Kamie\u0144ca opu\u015bciwszy widoczne w tle Z\u0105bkowice \u015al\u0105skie, prezentuj\u0105ce w tym uj\u0119ciu sw\u00f3j &#8222;skyline&#8221;. Z wa\u017cniejszych obiekt\u00f3w widoczne s\u0105: wie\u017ca ratuszowa oraz tutejsza krzywa wie\u017ca (odpowiednio pierwsza i druga z prawej). 23.09.2009<\/p>\n","protected":false},"author":1,"featured_media":9004,"comment_status":"open","ping_status":"","sticky":false,"template":"","format":"standard","meta":{"footnotes":""},"categories":[2,169],"tags":[2853,483,27,64,319,1442],"class_list":["post-9003","post","type-post","status-publish","format-standard","has-post-thumbnail","hentry","category-kolej","category-rok-2009","tag-2009-09-23","tag-ctl","tag-polska","tag-st43","tag-tab-pl235","tag-zabkowice-slaskie"],"_links":{"self":[{"href":"https:\/\/wgphoto.pl\/t\/index.php?rest_route=\/wp\/v2\/posts\/9003","targetHints":{"allow":["GET"]}}],"collection":[{"href":"https:\/\/wgphoto.pl\/t\/index.php?rest_route=\/wp\/v2\/posts"}],"about":[{"href":"https:\/\/wgphoto.pl\/t\/index.php?rest_route=\/wp\/v2\/types\/post"}],"author":[{"embeddable":true,"href":"https:\/\/wgphoto.pl\/t\/index.php?rest_route=\/wp\/v2\/users\/1"}],"replies":[{"embeddable":true,"href":"https:\/\/wgphoto.pl\/t\/index.php?rest_route=%2Fwp%2Fv2%2Fcomments&post=9003"}],"version-history":[{"count":1,"href":"https:\/\/wgphoto.pl\/t\/index.php?rest_route=\/wp\/v2\/posts\/9003\/revisions"}],"predecessor-version":[{"id":9005,"href":"https:\/\/wgphoto.pl\/t\/index.php?rest_route=\/wp\/v2\/posts\/9003\/revisions\/9005"}],"wp:featuredmedia":[{"embeddable":true,"href":"https:\/\/wgphoto.pl\/t\/index.php?rest_route=\/wp\/v2\/media\/9004"}],"wp:attachment":[{"href":"https:\/\/wgphoto.pl\/t\/index.php?rest_route=%2Fwp%2Fv2%2Fmedia&parent=9003"}],"wp:term":[{"taxonomy":"category","embeddable":true,"href":"https:\/\/wgphoto.pl\/t\/index.php?rest_route=%2Fwp%2Fv2%2Fcategories&post=9003"},{"taxonomy":"post_tag","embeddable":true,"href":"https:\/\/wgphoto.pl\/t\/index.php?rest_route=%2Fwp%2Fv2%2Ftags&post=9003"}],"curies":[{"name":"wp","href":"https:\/\/api.w.org\/{rel}","templated":true}]}}