{"id":9009,"date":"2025-01-06T22:38:41","date_gmt":"2025-01-06T21:38:41","guid":{"rendered":"https:\/\/wgphoto.pl\/t\/?p=9009"},"modified":"2025-01-06T22:38:41","modified_gmt":"2025-01-06T21:38:41","slug":"park-poludniowy","status":"publish","type":"post","link":"https:\/\/wgphoto.pl\/t\/?p=9009","title":{"rendered":"Park Po\u0142udniowy"},"content":{"rendered":"\n<figure class=\"wp-block-image aligncenter size-full\"><img loading=\"lazy\" decoding=\"async\" width=\"1024\" height=\"683\" src=\"https:\/\/wgphoto.pl\/t\/wp-content\/uploads\/2025\/01\/IMGP4975.jpg\" alt=\"\" class=\"wp-image-9010\" srcset=\"https:\/\/wgphoto.pl\/t\/wp-content\/uploads\/2025\/01\/IMGP4975.jpg 1024w, https:\/\/wgphoto.pl\/t\/wp-content\/uploads\/2025\/01\/IMGP4975-300x200.jpg 300w, https:\/\/wgphoto.pl\/t\/wp-content\/uploads\/2025\/01\/IMGP4975-768x512.jpg 768w\" sizes=\"auto, (max-width: 1024px) 100vw, 1024px\" \/><\/figure>\n\n\n\n<div class=\"wp-block-group has-global-padding is-layout-constrained wp-block-group-is-layout-constrained\">\n<p>Wroc\u0142aw, p\u0119tla Park Po\u0142udniowy. Foto powsta\u0142o w kr\u00f3tkim okresie jednoczesnej sprawno\u015bci puszki oraz tamrona 17-50, i jest imho najlepszym jakie pope\u0142ni\u0142em w czasie dotychczasowego epizodu na zajezdni I (opis z 2013 roku). Trasa przez ulic\u0119 \u015al\u0119\u017cn\u0105 jest niesamowicie interesuj\u0105ca. Znajduje si\u0119 tu a\u017c jeden, no mo\u017ce dwa przystanki generuj\u0105ce jak\u0105\u015b frekwencj\u0119, \u0142ad przestrzenny, poza kr\u00f3tkim odcinkiem z poniemieck\u0105 zabudow\u0105 i alej\u0105 ze\u017cartych przez szrot\u00f3wka kasztanowc\u00f3w, reprezentuj\u0105 jakie\u015b baraki, paskudne bloczyska o barwie mocno spranego bieli\u017anianego b\u0142\u0119kitu, skrzy\u017cowanie autostrad ze stacjami benzynowymi na 3\/4 rog\u00f3w oraz wielkie nic, a rozk\u0142adowy czas przejazdu jest nierealny. Chwil\u0119 wytchnienia daje p\u0119tla po\u0142o\u017cona na skraju Parku Po\u0142udniowego, gdzie w krzakach mo\u017cna odnale\u017a\u0107 takie pere\u0142ki. 18.08.2013<\/p>\n<\/div>\n","protected":false},"excerpt":{"rendered":"<p>Wroc\u0142aw, p\u0119tla Park Po\u0142udniowy. Foto powsta\u0142o w kr\u00f3tkim okresie jednoczesnej sprawno\u015bci puszki oraz tamrona 17-50, i jest imho najlepszym jakie pope\u0142ni\u0142em w czasie dotychczasowego epizodu na zajezdni I (opis z 2013 roku). Trasa przez ulic\u0119 \u015al\u0119\u017cn\u0105 jest niesamowicie interesuj\u0105ca. Znajduje si\u0119 tu a\u017c jeden, no mo\u017ce dwa przystanki generuj\u0105ce jak\u0105\u015b frekwencj\u0119, \u0142ad przestrzenny, poza kr\u00f3tkim [&hellip;]<\/p>\n","protected":false},"author":1,"featured_media":9010,"comment_status":"open","ping_status":"","sticky":false,"template":"","format":"standard","meta":{"footnotes":""},"categories":[55,3],"tags":[43,2854,42,27,439,41],"class_list":["post-9009","post","type-post","status-publish","format-standard","has-post-thumbnail","hentry","category-rok-2013","category-tramwaj","tag-105nwr","tag-2013-08-18","tag-mpk-wroclaw","tag-polska","tag-we-fabryce","tag-wroclaw"],"_links":{"self":[{"href":"https:\/\/wgphoto.pl\/t\/index.php?rest_route=\/wp\/v2\/posts\/9009","targetHints":{"allow":["GET"]}}],"collection":[{"href":"https:\/\/wgphoto.pl\/t\/index.php?rest_route=\/wp\/v2\/posts"}],"about":[{"href":"https:\/\/wgphoto.pl\/t\/index.php?rest_route=\/wp\/v2\/types\/post"}],"author":[{"embeddable":true,"href":"https:\/\/wgphoto.pl\/t\/index.php?rest_route=\/wp\/v2\/users\/1"}],"replies":[{"embeddable":true,"href":"https:\/\/wgphoto.pl\/t\/index.php?rest_route=%2Fwp%2Fv2%2Fcomments&post=9009"}],"version-history":[{"count":1,"href":"https:\/\/wgphoto.pl\/t\/index.php?rest_route=\/wp\/v2\/posts\/9009\/revisions"}],"predecessor-version":[{"id":9011,"href":"https:\/\/wgphoto.pl\/t\/index.php?rest_route=\/wp\/v2\/posts\/9009\/revisions\/9011"}],"wp:featuredmedia":[{"embeddable":true,"href":"https:\/\/wgphoto.pl\/t\/index.php?rest_route=\/wp\/v2\/media\/9010"}],"wp:attachment":[{"href":"https:\/\/wgphoto.pl\/t\/index.php?rest_route=%2Fwp%2Fv2%2Fmedia&parent=9009"}],"wp:term":[{"taxonomy":"category","embeddable":true,"href":"https:\/\/wgphoto.pl\/t\/index.php?rest_route=%2Fwp%2Fv2%2Fcategories&post=9009"},{"taxonomy":"post_tag","embeddable":true,"href":"https:\/\/wgphoto.pl\/t\/index.php?rest_route=%2Fwp%2Fv2%2Ftags&post=9009"}],"curies":[{"name":"wp","href":"https:\/\/api.w.org\/{rel}","templated":true}]}}