{"id":9012,"date":"2025-01-06T22:39:43","date_gmt":"2025-01-06T21:39:43","guid":{"rendered":"https:\/\/wgphoto.pl\/t\/?p=9012"},"modified":"2025-01-06T22:39:43","modified_gmt":"2025-01-06T21:39:43","slug":"drewniany-poranek","status":"publish","type":"post","link":"https:\/\/wgphoto.pl\/t\/?p=9012","title":{"rendered":"Drewniany poranek"},"content":{"rendered":"\n<figure class=\"wp-block-image aligncenter size-full\"><img loading=\"lazy\" decoding=\"async\" width=\"1024\" height=\"683\" src=\"https:\/\/wgphoto.pl\/t\/wp-content\/uploads\/2025\/01\/IMGP4298.jpg\" alt=\"\" class=\"wp-image-9013\" srcset=\"https:\/\/wgphoto.pl\/t\/wp-content\/uploads\/2025\/01\/IMGP4298.jpg 1024w, https:\/\/wgphoto.pl\/t\/wp-content\/uploads\/2025\/01\/IMGP4298-300x200.jpg 300w, https:\/\/wgphoto.pl\/t\/wp-content\/uploads\/2025\/01\/IMGP4298-768x512.jpg 768w\" sizes=\"auto, (max-width: 1024px) 100vw, 1024px\" \/><\/figure>\n\n\n\n<div class=\"wp-block-group has-global-padding is-layout-constrained wp-block-group-is-layout-constrained\">\n<p>Ryga, Slokas iela. Tatry 50661+50672 nie zdo\u0142a\u0142y o tej porze z\u0142apa\u0107 promieni wschodz\u0105cego s\u0142o\u0144ca, wpadaj\u0105cych na ulic\u0119 spo\u015br\u00f3d drewnianej zabudowy. Ja jednak nie mog\u0142em sobie odpu\u015bci\u0107 jeszcze paru zdj\u0119\u0107 przed wyjazdem maj\u0105c takie drewniane klimaty dos\u0142ownie dwa kroki od hostelu. 31.05.2013<\/p>\n<\/div>\n","protected":false},"excerpt":{"rendered":"<p>Ryga, Slokas iela. Tatry 50661+50672 nie zdo\u0142a\u0142y o tej porze z\u0142apa\u0107 promieni wschodz\u0105cego s\u0142o\u0144ca, wpadaj\u0105cych na ulic\u0119 spo\u015br\u00f3d drewnianej zabudowy. Ja jednak nie mog\u0142em sobie odpu\u015bci\u0107 jeszcze paru zdj\u0119\u0107 przed wyjazdem maj\u0105c takie drewniane klimaty dos\u0142ownie dwa kroki od hostelu. 31.05.2013<\/p>\n","protected":false},"author":1,"featured_media":9013,"comment_status":"open","ping_status":"","sticky":false,"template":"","format":"standard","meta":{"footnotes":""},"categories":[55,3],"tags":[2609,34,612,56,176,613,57,1011],"class_list":["post-9012","post","type-post","status-publish","format-standard","has-post-thumbnail","hentry","category-rok-2013","category-tramwaj","tag-2013-05-31","tag-architektura","tag-druga-majowka-2013","tag-lotwa","tag-rano","tag-rs-riga","tag-ryga","tag-tatra-t3"],"_links":{"self":[{"href":"https:\/\/wgphoto.pl\/t\/index.php?rest_route=\/wp\/v2\/posts\/9012","targetHints":{"allow":["GET"]}}],"collection":[{"href":"https:\/\/wgphoto.pl\/t\/index.php?rest_route=\/wp\/v2\/posts"}],"about":[{"href":"https:\/\/wgphoto.pl\/t\/index.php?rest_route=\/wp\/v2\/types\/post"}],"author":[{"embeddable":true,"href":"https:\/\/wgphoto.pl\/t\/index.php?rest_route=\/wp\/v2\/users\/1"}],"replies":[{"embeddable":true,"href":"https:\/\/wgphoto.pl\/t\/index.php?rest_route=%2Fwp%2Fv2%2Fcomments&post=9012"}],"version-history":[{"count":1,"href":"https:\/\/wgphoto.pl\/t\/index.php?rest_route=\/wp\/v2\/posts\/9012\/revisions"}],"predecessor-version":[{"id":9014,"href":"https:\/\/wgphoto.pl\/t\/index.php?rest_route=\/wp\/v2\/posts\/9012\/revisions\/9014"}],"wp:featuredmedia":[{"embeddable":true,"href":"https:\/\/wgphoto.pl\/t\/index.php?rest_route=\/wp\/v2\/media\/9013"}],"wp:attachment":[{"href":"https:\/\/wgphoto.pl\/t\/index.php?rest_route=%2Fwp%2Fv2%2Fmedia&parent=9012"}],"wp:term":[{"taxonomy":"category","embeddable":true,"href":"https:\/\/wgphoto.pl\/t\/index.php?rest_route=%2Fwp%2Fv2%2Fcategories&post=9012"},{"taxonomy":"post_tag","embeddable":true,"href":"https:\/\/wgphoto.pl\/t\/index.php?rest_route=%2Fwp%2Fv2%2Ftags&post=9012"}],"curies":[{"name":"wp","href":"https:\/\/api.w.org\/{rel}","templated":true}]}}