{"id":9020,"date":"2025-01-06T22:46:00","date_gmt":"2025-01-06T21:46:00","guid":{"rendered":"https:\/\/wgphoto.pl\/t\/?p=9020"},"modified":"2025-01-06T22:46:00","modified_gmt":"2025-01-06T21:46:00","slug":"drewniana-rogatka","status":"publish","type":"post","link":"https:\/\/wgphoto.pl\/t\/?p=9020","title":{"rendered":"Drewniana rogatka"},"content":{"rendered":"\n<figure class=\"wp-block-image aligncenter size-full\"><img loading=\"lazy\" decoding=\"async\" width=\"1024\" height=\"685\" src=\"https:\/\/wgphoto.pl\/t\/wp-content\/uploads\/2025\/01\/IMGP0061.jpg\" alt=\"\" class=\"wp-image-9021\" srcset=\"https:\/\/wgphoto.pl\/t\/wp-content\/uploads\/2025\/01\/IMGP0061.jpg 1024w, https:\/\/wgphoto.pl\/t\/wp-content\/uploads\/2025\/01\/IMGP0061-300x201.jpg 300w, https:\/\/wgphoto.pl\/t\/wp-content\/uploads\/2025\/01\/IMGP0061-768x514.jpg 768w\" sizes=\"auto, (max-width: 1024px) 100vw, 1024px\" \/><\/figure>\n\n\n\n<div class=\"wp-block-group has-global-padding is-layout-constrained wp-block-group-is-layout-constrained\">\n<p>814.054 jako poci\u0105g przyspieszony 1744 relacji Starko\u010d &#8211; Mezim\u011bst\u00ed pokonuje bli\u017cej nieokre\u015blony odcinek gdzie\u015b w okolicach Hronova (mo\u017ce wsp\u00f3\u0142focista posiada dok\u0142adniejsz\u0105 lokalizacj\u0119?), mijaj\u0105c typow\u0105 czesk\u0105 rogatk\u0119. 27.09.2009<\/p>\n<\/div>\n","protected":false},"excerpt":{"rendered":"<p>814.054 jako poci\u0105g przyspieszony 1744 relacji Starko\u010d &#8211; Mezim\u011bst\u00ed pokonuje bli\u017cej nieokre\u015blony odcinek gdzie\u015b w okolicach Hronova (mo\u017ce wsp\u00f3\u0142focista posiada dok\u0142adniejsz\u0105 lokalizacj\u0119?), mijaj\u0105c typow\u0105 czesk\u0105 rogatk\u0119. 27.09.2009<\/p>\n","protected":false},"author":1,"featured_media":9021,"comment_status":"open","ping_status":"","sticky":false,"template":"","format":"standard","meta":{"footnotes":""},"categories":[2,169],"tags":[2034,211,50,49,1721,230,1720],"class_list":["post-9020","post","type-post","status-publish","format-standard","has-post-thumbnail","hentry","category-kolej","category-rok-2009","tag-2009-09-27","tag-211","tag-cd","tag-czechy","tag-hronov","tag-infrastruktura","tag-tab-cz026"],"_links":{"self":[{"href":"https:\/\/wgphoto.pl\/t\/index.php?rest_route=\/wp\/v2\/posts\/9020","targetHints":{"allow":["GET"]}}],"collection":[{"href":"https:\/\/wgphoto.pl\/t\/index.php?rest_route=\/wp\/v2\/posts"}],"about":[{"href":"https:\/\/wgphoto.pl\/t\/index.php?rest_route=\/wp\/v2\/types\/post"}],"author":[{"embeddable":true,"href":"https:\/\/wgphoto.pl\/t\/index.php?rest_route=\/wp\/v2\/users\/1"}],"replies":[{"embeddable":true,"href":"https:\/\/wgphoto.pl\/t\/index.php?rest_route=%2Fwp%2Fv2%2Fcomments&post=9020"}],"version-history":[{"count":1,"href":"https:\/\/wgphoto.pl\/t\/index.php?rest_route=\/wp\/v2\/posts\/9020\/revisions"}],"predecessor-version":[{"id":9022,"href":"https:\/\/wgphoto.pl\/t\/index.php?rest_route=\/wp\/v2\/posts\/9020\/revisions\/9022"}],"wp:featuredmedia":[{"embeddable":true,"href":"https:\/\/wgphoto.pl\/t\/index.php?rest_route=\/wp\/v2\/media\/9021"}],"wp:attachment":[{"href":"https:\/\/wgphoto.pl\/t\/index.php?rest_route=%2Fwp%2Fv2%2Fmedia&parent=9020"}],"wp:term":[{"taxonomy":"category","embeddable":true,"href":"https:\/\/wgphoto.pl\/t\/index.php?rest_route=%2Fwp%2Fv2%2Fcategories&post=9020"},{"taxonomy":"post_tag","embeddable":true,"href":"https:\/\/wgphoto.pl\/t\/index.php?rest_route=%2Fwp%2Fv2%2Ftags&post=9020"}],"curies":[{"name":"wp","href":"https:\/\/api.w.org\/{rel}","templated":true}]}}