{"id":9023,"date":"2025-01-06T22:47:15","date_gmt":"2025-01-06T21:47:15","guid":{"rendered":"https:\/\/wgphoto.pl\/t\/?p=9023"},"modified":"2025-01-06T22:47:15","modified_gmt":"2025-01-06T21:47:15","slug":"witold-od-wschodu","status":"publish","type":"post","link":"https:\/\/wgphoto.pl\/t\/?p=9023","title":{"rendered":"Witold od wschodu"},"content":{"rendered":"\n<figure class=\"wp-block-image aligncenter size-full\"><img loading=\"lazy\" decoding=\"async\" width=\"1024\" height=\"685\" src=\"https:\/\/wgphoto.pl\/t\/wp-content\/uploads\/2025\/01\/IMGP4037.jpg\" alt=\"\" class=\"wp-image-9024\" srcset=\"https:\/\/wgphoto.pl\/t\/wp-content\/uploads\/2025\/01\/IMGP4037.jpg 1024w, https:\/\/wgphoto.pl\/t\/wp-content\/uploads\/2025\/01\/IMGP4037-300x201.jpg 300w, https:\/\/wgphoto.pl\/t\/wp-content\/uploads\/2025\/01\/IMGP4037-768x514.jpg 768w\" sizes=\"auto, (max-width: 1024px) 100vw, 1024px\" \/><\/figure>\n\n\n\n<div class=\"wp-block-group has-global-padding is-layout-constrained wp-block-group-is-layout-constrained\">\n<p>Standardowe uj\u0119cie ze stacji Bogusz\u00f3w-Gorce Zach\u00f3d &#8211; z by\u0142ym szybem Witold &#8211; w wykonaniu dosy\u0107 ubogim je\u015bli chodzi o tabor. Mam gdzie\u015b w zbiorach wersj\u0119 z porz\u0105dnym poci\u0105giem (tj. zestawionym z lokomotywy i wagon\u00f3w) lecz nie doczeka\u0142a si\u0119 ona jeszcze wersji elektronicznej. 29.05.2010<\/p>\n<\/div>\n","protected":false},"excerpt":{"rendered":"<p>Standardowe uj\u0119cie ze stacji Bogusz\u00f3w-Gorce Zach\u00f3d &#8211; z by\u0142ym szybem Witold &#8211; w wykonaniu dosy\u0107 ubogim je\u015bli chodzi o tabor. Mam gdzie\u015b w zbiorach wersj\u0119 z porz\u0105dnym poci\u0105giem (tj. zestawionym z lokomotywy i wagon\u00f3w) lecz nie doczeka\u0142a si\u0119 ona jeszcze wersji elektronicznej. 29.05.2010<\/p>\n","protected":false},"author":1,"featured_media":9024,"comment_status":"open","ping_status":"","sticky":false,"template":"","format":"standard","meta":{"footnotes":""},"categories":[2,86],"tags":[203,1119,132,303,63,27,200],"class_list":["post-9023","post","type-post","status-publish","format-standard","has-post-thumbnail","hentry","category-kolej","category-rok-2010","tag-2010-05-29","tag-boguszow-gorce-zachod","tag-en57","tag-industrial","tag-pkp","tag-polska","tag-tab-pl240"],"_links":{"self":[{"href":"https:\/\/wgphoto.pl\/t\/index.php?rest_route=\/wp\/v2\/posts\/9023","targetHints":{"allow":["GET"]}}],"collection":[{"href":"https:\/\/wgphoto.pl\/t\/index.php?rest_route=\/wp\/v2\/posts"}],"about":[{"href":"https:\/\/wgphoto.pl\/t\/index.php?rest_route=\/wp\/v2\/types\/post"}],"author":[{"embeddable":true,"href":"https:\/\/wgphoto.pl\/t\/index.php?rest_route=\/wp\/v2\/users\/1"}],"replies":[{"embeddable":true,"href":"https:\/\/wgphoto.pl\/t\/index.php?rest_route=%2Fwp%2Fv2%2Fcomments&post=9023"}],"version-history":[{"count":1,"href":"https:\/\/wgphoto.pl\/t\/index.php?rest_route=\/wp\/v2\/posts\/9023\/revisions"}],"predecessor-version":[{"id":9025,"href":"https:\/\/wgphoto.pl\/t\/index.php?rest_route=\/wp\/v2\/posts\/9023\/revisions\/9025"}],"wp:featuredmedia":[{"embeddable":true,"href":"https:\/\/wgphoto.pl\/t\/index.php?rest_route=\/wp\/v2\/media\/9024"}],"wp:attachment":[{"href":"https:\/\/wgphoto.pl\/t\/index.php?rest_route=%2Fwp%2Fv2%2Fmedia&parent=9023"}],"wp:term":[{"taxonomy":"category","embeddable":true,"href":"https:\/\/wgphoto.pl\/t\/index.php?rest_route=%2Fwp%2Fv2%2Fcategories&post=9023"},{"taxonomy":"post_tag","embeddable":true,"href":"https:\/\/wgphoto.pl\/t\/index.php?rest_route=%2Fwp%2Fv2%2Ftags&post=9023"}],"curies":[{"name":"wp","href":"https:\/\/api.w.org\/{rel}","templated":true}]}}