{"id":9026,"date":"2025-01-06T22:48:10","date_gmt":"2025-01-06T21:48:10","guid":{"rendered":"https:\/\/wgphoto.pl\/t\/?p=9026"},"modified":"2025-01-06T22:48:10","modified_gmt":"2025-01-06T21:48:10","slug":"witold-od-zachodu","status":"publish","type":"post","link":"https:\/\/wgphoto.pl\/t\/?p=9026","title":{"rendered":"Witold od zachodu"},"content":{"rendered":"\n<figure class=\"wp-block-image aligncenter size-full\"><img loading=\"lazy\" decoding=\"async\" width=\"1300\" height=\"870\" src=\"https:\/\/wgphoto.pl\/t\/wp-content\/uploads\/2025\/01\/IMGP4054-1.jpg\" alt=\"\" class=\"wp-image-9027\" srcset=\"https:\/\/wgphoto.pl\/t\/wp-content\/uploads\/2025\/01\/IMGP4054-1.jpg 1300w, https:\/\/wgphoto.pl\/t\/wp-content\/uploads\/2025\/01\/IMGP4054-1-300x201.jpg 300w, https:\/\/wgphoto.pl\/t\/wp-content\/uploads\/2025\/01\/IMGP4054-1-768x514.jpg 768w\" sizes=\"auto, (max-width: 1300px) 100vw, 1300px\" \/><\/figure>\n\n\n\n<div class=\"wp-block-group has-global-padding is-layout-constrained wp-block-group-is-layout-constrained\">\n<p>Poci\u0105g specjalny odje\u017cd\u017ca ze stacji Bogusz\u00f3w-Gorce Zach\u00f3d w dalsz\u0105 drog\u0119 do Jeleniej G\u00f3ry. 2010-05-29<\/p>\n<\/div>\n","protected":false},"excerpt":{"rendered":"<p>Poci\u0105g specjalny odje\u017cd\u017ca ze stacji Bogusz\u00f3w-Gorce Zach\u00f3d w dalsz\u0105 drog\u0119 do Jeleniej G\u00f3ry. 2010-05-29<\/p>\n","protected":false},"author":1,"featured_media":9027,"comment_status":"open","ping_status":"","sticky":false,"template":"","format":"standard","meta":{"footnotes":""},"categories":[2,86],"tags":[203,1119,198,303,201,63,27,202,200],"class_list":["post-9026","post","type-post","status-publish","format-standard","has-post-thumbnail","hentry","category-kolej","category-rok-2010","tag-2010-05-29","tag-boguszow-gorce-zachod","tag-et21","tag-industrial","tag-ksk","tag-pkp","tag-polska","tag-specjalny","tag-tab-pl240"],"_links":{"self":[{"href":"https:\/\/wgphoto.pl\/t\/index.php?rest_route=\/wp\/v2\/posts\/9026","targetHints":{"allow":["GET"]}}],"collection":[{"href":"https:\/\/wgphoto.pl\/t\/index.php?rest_route=\/wp\/v2\/posts"}],"about":[{"href":"https:\/\/wgphoto.pl\/t\/index.php?rest_route=\/wp\/v2\/types\/post"}],"author":[{"embeddable":true,"href":"https:\/\/wgphoto.pl\/t\/index.php?rest_route=\/wp\/v2\/users\/1"}],"replies":[{"embeddable":true,"href":"https:\/\/wgphoto.pl\/t\/index.php?rest_route=%2Fwp%2Fv2%2Fcomments&post=9026"}],"version-history":[{"count":1,"href":"https:\/\/wgphoto.pl\/t\/index.php?rest_route=\/wp\/v2\/posts\/9026\/revisions"}],"predecessor-version":[{"id":9028,"href":"https:\/\/wgphoto.pl\/t\/index.php?rest_route=\/wp\/v2\/posts\/9026\/revisions\/9028"}],"wp:featuredmedia":[{"embeddable":true,"href":"https:\/\/wgphoto.pl\/t\/index.php?rest_route=\/wp\/v2\/media\/9027"}],"wp:attachment":[{"href":"https:\/\/wgphoto.pl\/t\/index.php?rest_route=%2Fwp%2Fv2%2Fmedia&parent=9026"}],"wp:term":[{"taxonomy":"category","embeddable":true,"href":"https:\/\/wgphoto.pl\/t\/index.php?rest_route=%2Fwp%2Fv2%2Fcategories&post=9026"},{"taxonomy":"post_tag","embeddable":true,"href":"https:\/\/wgphoto.pl\/t\/index.php?rest_route=%2Fwp%2Fv2%2Ftags&post=9026"}],"curies":[{"name":"wp","href":"https:\/\/api.w.org\/{rel}","templated":true}]}}